{"id":109680,"date":"2025-07-07T08:36:29","date_gmt":"2025-07-07T13:36:29","guid":{"rendered":"https:\/\/sertv.gob.pa\/nacionalfm\/?p=109680"},"modified":"2025-07-07T08:36:29","modified_gmt":"2025-07-07T13:36:29","slug":"autoridades-del-ifarhu-analizan-retomar-pago-de-becas-y-adelanta-adecuaciones-en-la-provincia-de-bocas-del-toro","status":"publish","type":"post","link":"https:\/\/sertv.gob.pa\/nacionalfm\/autoridades-del-ifarhu-analizan-retomar-pago-de-becas-y-adelanta-adecuaciones-en-la-provincia-de-bocas-del-toro\/","title":{"rendered":"Autoridades del IFARHU, analizan retomar pago de becas y adelanta adecuaciones en la provincia de Bocas del Toro"},"content":{"rendered":"<p>El Instituto para la Formaci\u00f3n y Aprovechamiento de Recursos Humanos de Panam\u00e1 (IFARHU), iniciar\u00e1 pronto el pago de becas en la provincia de Bocas del Toro, tras la reactivaci\u00f3n de las clases y el cese de las protestas.<\/p>\n<p>Es por ello que, recientemente, el director general del IFARHU, Carlos Godoy, se traslad\u00f3 personalmente a la sede provincial de Bocas del Toro, ubicada en Changuinola, a fin de constatar los da\u00f1os ocasionados a las instalaciones durante los recientes disturbios y verificar el estado de los cheques correspondientes a los diferentes programas de becas.<\/p>\n<p><strong><em>\u201cLa mayor\u00eda de los cheques se encuentran resguardados.<\/em> <\/strong>En este sentido, estamos trabajando en la log\u00edstica para la pronta entrega de los beneficios del PASE-U, becas de Concurso, Puesto Distinguido, Discapacidad, entre otros beneficios y como Gobierno Nacional, comencemos a reactivar la econom\u00eda, generando los recursos para que los j\u00f3venes puedan continuar sus estudios\u201d, se\u00f1al\u00f3 Carlos Godoy.<\/p>\n<p>Durante la inspecci\u00f3n, se pudo constatar, que equipos inform\u00e1ticos, veh\u00edculos y mobiliario fueron vandalizados, lo cual ha afectado la operatividad en la sede. Sin embargo, el IFARHU trabaja con celeridad para restablecer sus funciones y dar de esta manera, respuesta a las necesidades urgentes de la comunidad educativa.<\/p>\n<p>\u201cEl pueblo necesita respuestas r\u00e1pidas, por ello, estamos armando la log\u00edstica de pago con el objetivo de normalizar la atenci\u00f3n en el menor tiempo posible\u201d, asegur\u00f3 el director general.<\/p>\n<p>Adem\u00e1s de eso, Godoy, <strong><em>aprovech\u00f3 la visita para hacer un llamado a los estudiantes universitarios que todav\u00eda no han completado la entrega de sus datos bancarios, para que lo hagan a trav\u00e9s del portal Panam\u00e1 Conecta <\/em><\/strong>de la Autoridad Nacional para la Innovaci\u00f3n Gubernamental (AIG), <em><strong>lo cual permitir\u00e1 agilizar la digitalizaci\u00f3n de los pagos de sus beneficios.<\/strong><\/em><\/p>\n<p>Con estas acciones, el IFARHU, reafirma su compromiso con los estudiantes de Bocas del Toro, garantizando el acceso oportuno a los programas de apoyo educativo, a\u00fan en contextos adversos.<\/p>\n","protected":false},"excerpt":{"rendered":"<p>El Instituto para la Formaci\u00f3n y Aprovechamiento de Recursos Humanos <a href=\"https:\/\/sertv.gob.pa\/nacionalfm\/autoridades-del-ifarhu-analizan-retomar-pago-de-becas-y-adelanta-adecuaciones-en-la-provincia-de-bocas-del-toro\/\"> [&#8230;]<\/a><\/p>\n","protected":false},"author":9,"featured_media":109681,"comment_status":"closed","ping_status":"closed","sticky":false,"template":"","format":"standard","meta":{"footnotes":""},"categories":[2],"tags":[],"class_list":["post-109680","post","type-post","status-publish","format-standard","has-post-thumbnail","hentry","category-nacionales"],"_links":{"self":[{"href":"https:\/\/sertv.gob.pa\/nacionalfm\/wp-json\/wp\/v2\/posts\/109680","targetHints":{"allow":["GET"]}}],"collection":[{"href":"https:\/\/sertv.gob.pa\/nacionalfm\/wp-json\/wp\/v2\/posts"}],"about":[{"href":"https:\/\/sertv.gob.pa\/nacionalfm\/wp-json\/wp\/v2\/types\/post"}],"author":[{"embeddable":true,"href":"https:\/\/sertv.gob.pa\/nacionalfm\/wp-json\/wp\/v2\/users\/9"}],"replies":[{"embeddable":true,"href":"https:\/\/sertv.gob.pa\/nacionalfm\/wp-json\/wp\/v2\/comments?post=109680"}],"version-history":[{"count":1,"href":"https:\/\/sertv.gob.pa\/nacionalfm\/wp-json\/wp\/v2\/posts\/109680\/revisions"}],"predecessor-version":[{"id":109682,"href":"https:\/\/sertv.gob.pa\/nacionalfm\/wp-json\/wp\/v2\/posts\/109680\/revisions\/109682"}],"wp:featuredmedia":[{"embeddable":true,"href":"https:\/\/sertv.gob.pa\/nacionalfm\/wp-json\/wp\/v2\/media\/109681"}],"wp:attachment":[{"href":"https:\/\/sertv.gob.pa\/nacionalfm\/wp-json\/wp\/v2\/media?parent=109680"}],"wp:term":[{"taxonomy":"category","embeddable":true,"href":"https:\/\/sertv.gob.pa\/nacionalfm\/wp-json\/wp\/v2\/categories?post=109680"},{"taxonomy":"post_tag","embeddable":true,"href":"https:\/\/sertv.gob.pa\/nacionalfm\/wp-json\/wp\/v2\/tags?post=109680"}],"curies":[{"name":"wp","href":"https:\/\/api.w.org\/{rel}","templated":true}]}}