{"id":109683,"date":"2025-07-07T08:59:44","date_gmt":"2025-07-07T13:59:44","guid":{"rendered":"https:\/\/sertv.gob.pa\/nacionalfm\/?p=109683"},"modified":"2025-07-07T08:59:44","modified_gmt":"2025-07-07T13:59:44","slug":"mas-del-70-de-adelanto-presenta-el-programa-horas-maquinas-del-mop-en-la-provincia-de-los-santos","status":"publish","type":"post","link":"https:\/\/sertv.gob.pa\/nacionalfm\/mas-del-70-de-adelanto-presenta-el-programa-horas-maquinas-del-mop-en-la-provincia-de-los-santos\/","title":{"rendered":"M\u00e1s del 70% de adelanto presenta el \u00abPrograma Horas M\u00e1quinas\u00bb del MOP, en la provincia de Los Santos"},"content":{"rendered":"<p><em><strong>Tras un avance f\u00edsico global del 70.6 %, el equipo del Ministerio de Obras P\u00fablicas (MOP), adelanta el Programa Horas M\u00e1quina en la provincia de Los Santos, como una respuesta al sector productivo en esta regi\u00f3n del pa\u00eds.<\/strong><\/em><\/p>\n<p><strong>De esta manera, unos 600 kil\u00f3metros de caminos de producci\u00f3n, est\u00e1n siendo intervenidos a trav\u00e9s de la contrataci\u00f3n privada en los distritos de Las Tablas, Pocr\u00ed, Macaracas y Guarar\u00e9, mejorando en forma significativa, estas rutas de vital importancia para la econom\u00eda regional.<\/strong><\/p>\n<p><strong>Actualmente, este programa de mantenimiento vial, con una inversi\u00f3n aproximada de B\/. 1,122,744.00, avanza a buen ritmo, beneficiando a m\u00e1s de 5 mil residentes en estos distritos de la provincia de Los Santos, entre los cuales se encuentran productores y transportistas.<\/strong><\/p>\n<p><strong>El plan de trabajo, incluye la restauraci\u00f3n de calzadas, conformaci\u00f3n de cunetas, corte y ampliaci\u00f3n, entre otras actividades que garantizan la viabilidad para el traslado de los productos al mercado regional y nacional.<\/strong><\/p>\n<p><strong>Cabe resaltar que, como parte de esta din\u00e1mica de trabajo, en fecha reciente, se atendi\u00f3 la v\u00eda El Hato\u2013Perales, en Guarar\u00e9, mientras se mantienen activos frentes de trabajo en los distritos de Pocr\u00ed y Las Tablas.<\/strong><\/p>\n","protected":false},"excerpt":{"rendered":"<p>Tras un avance f\u00edsico global del 70.6 %, el equipo <a href=\"https:\/\/sertv.gob.pa\/nacionalfm\/mas-del-70-de-adelanto-presenta-el-programa-horas-maquinas-del-mop-en-la-provincia-de-los-santos\/\"> [&#8230;]<\/a><\/p>\n","protected":false},"author":9,"featured_media":109684,"comment_status":"closed","ping_status":"closed","sticky":false,"template":"","format":"standard","meta":{"footnotes":""},"categories":[2],"tags":[],"class_list":["post-109683","post","type-post","status-publish","format-standard","has-post-thumbnail","hentry","category-nacionales"],"_links":{"self":[{"href":"https:\/\/sertv.gob.pa\/nacionalfm\/wp-json\/wp\/v2\/posts\/109683","targetHints":{"allow":["GET"]}}],"collection":[{"href":"https:\/\/sertv.gob.pa\/nacionalfm\/wp-json\/wp\/v2\/posts"}],"about":[{"href":"https:\/\/sertv.gob.pa\/nacionalfm\/wp-json\/wp\/v2\/types\/post"}],"author":[{"embeddable":true,"href":"https:\/\/sertv.gob.pa\/nacionalfm\/wp-json\/wp\/v2\/users\/9"}],"replies":[{"embeddable":true,"href":"https:\/\/sertv.gob.pa\/nacionalfm\/wp-json\/wp\/v2\/comments?post=109683"}],"version-history":[{"count":2,"href":"https:\/\/sertv.gob.pa\/nacionalfm\/wp-json\/wp\/v2\/posts\/109683\/revisions"}],"predecessor-version":[{"id":109686,"href":"https:\/\/sertv.gob.pa\/nacionalfm\/wp-json\/wp\/v2\/posts\/109683\/revisions\/109686"}],"wp:featuredmedia":[{"embeddable":true,"href":"https:\/\/sertv.gob.pa\/nacionalfm\/wp-json\/wp\/v2\/media\/109684"}],"wp:attachment":[{"href":"https:\/\/sertv.gob.pa\/nacionalfm\/wp-json\/wp\/v2\/media?parent=109683"}],"wp:term":[{"taxonomy":"category","embeddable":true,"href":"https:\/\/sertv.gob.pa\/nacionalfm\/wp-json\/wp\/v2\/categories?post=109683"},{"taxonomy":"post_tag","embeddable":true,"href":"https:\/\/sertv.gob.pa\/nacionalfm\/wp-json\/wp\/v2\/tags?post=109683"}],"curies":[{"name":"wp","href":"https:\/\/api.w.org\/{rel}","templated":true}]}}