{"id":109687,"date":"2025-07-07T09:34:09","date_gmt":"2025-07-07T14:34:09","guid":{"rendered":"https:\/\/sertv.gob.pa\/nacionalfm\/?p=109687"},"modified":"2025-07-07T09:34:09","modified_gmt":"2025-07-07T14:34:09","slug":"con-alianza-entre-mitradel-y-minsa-de-panama-se-facilita-acceso-a-carnes-de-salud-para-jovenes-de-la-segunda-fase-de-mi-primer-empleo","status":"publish","type":"post","link":"https:\/\/sertv.gob.pa\/nacionalfm\/con-alianza-entre-mitradel-y-minsa-de-panama-se-facilita-acceso-a-carnes-de-salud-para-jovenes-de-la-segunda-fase-de-mi-primer-empleo\/","title":{"rendered":"Con alianza entre MITRADEL y MINSA  de Panam\u00e1, se facilita acceso a carn\u00e9s de salud para j\u00f3venes de la segunda fase de Mi Primer Empleo"},"content":{"rendered":"<ul>\n<li><em><strong>Se trata de una acci\u00f3n interinstitucional para facilitar el acceso a esta documentaci\u00f3n requerida por algunas de las empresas involucradas para los participantes que se encuentran en etapa de postulaci\u00f3n para sus pasant\u00edas.<\/strong><\/em><\/li>\n<\/ul>\n<p><em><strong>Unos 60 j\u00f3venes que forman parte de la segunda fase del programa Mi Primer Empleo y que en la actualidad se encuentran en la etapa de postulaci\u00f3n para efectuar sus pasant\u00edas en diversas empresas, tuvieron la oportunidad de acceder a servicios de salud que les permitir\u00e1n obtener con prontitud los carn\u00e9s de salud blanco y verde, requeridos para la manipulaci\u00f3n de alimentos en algunas de las compa\u00f1\u00edas participantes.<\/strong><\/em><\/p>\n<p><strong>Esto se hizo posible, gracias al trabajo en conjunto que llev\u00f3 a cabo el equipo del Ministerio de Trabajo y Desarrollo Laboral (MITRADEL) y el Ministerio de Salud (MINSA), que colabor\u00f3 en esta actividad, con el prop\u00f3sito de que los j\u00f3venes puedan acceder sin contratiempos a las pasant\u00edas que exijan esta documentaci\u00f3n.<\/strong><\/p>\n<p><strong>Sobre el particular, la directora Nacional de Empleo, Ana Gabriela Sober\u00f3n, destac\u00f3 que, esta no ser\u00e1 la \u00fanica actividad realizada en alianza con el MINSA, en esta ocasi\u00f3n, a trav\u00e9s de su Regional Metropolitana de Salud, sino que se buscar\u00e1 replicarla en otras regionales para que m\u00e1s j\u00f3venes aspirantes al programa insignia del gobierno del presidente, Jos\u00e9 Ra\u00fal Mulino, que se ejecuta bajo el liderazgo de la ministra, Jackeline Mu\u00f1oz de Cede\u00f1o, puedan beneficiarse de estos servicios.<\/strong><\/p>\n<p><strong>Mientras que, Ricardo Torres, director de la Regional Metropolitana de Salud, resalt\u00f3 la importancia de la colaboraci\u00f3n entre MITRADEL y el MINSA, as\u00ed como del programa en s\u00ed, que brinda a los j\u00f3venes herramientas clave para su incorporaci\u00f3n al mundo laboral.<\/strong><\/p>\n<p><strong>\u201cNuestro Presidente ha puesto como prioridad el tema de Mi Primer Empleo a nivel nacional\u201d, enfatiz\u00f3 el galeno.<\/strong><\/p>\n<p><strong>Hay que recordar que, el programa insignia Mi Primer Empleo, ha transformado el acceso laboral para la juventud paname\u00f1a. En su primera fase, 1,058 j\u00f3venes realizaron pasant\u00edas y 624 de ellos, ya cuentan con contratos formales. En su segunda etapa, se proyecta la creaci\u00f3n de 2,780 nuevas plazas, con 780 pasant\u00edas actualmente en ejecuci\u00f3n y la participaci\u00f3n de 450 empresas entre ambas fases, consolidando un impacto real en la inserci\u00f3n laboral juvenil.<\/strong><\/p>\n<p><strong>Con iniciativas como esta, el Gobierno Nacional de Panam\u00e1, reafirma su compromiso con la empleabilidad juvenil y la promoci\u00f3n de entornos laborales seguros, impulsando as\u00ed una inserci\u00f3n laboral digna y responsable para las nuevas generaciones.<\/strong><\/p>\n","protected":false},"excerpt":{"rendered":"<p>Se trata de una acci\u00f3n interinstitucional para facilitar el acceso <a href=\"https:\/\/sertv.gob.pa\/nacionalfm\/con-alianza-entre-mitradel-y-minsa-de-panama-se-facilita-acceso-a-carnes-de-salud-para-jovenes-de-la-segunda-fase-de-mi-primer-empleo\/\"> [&#8230;]<\/a><\/p>\n","protected":false},"author":9,"featured_media":109688,"comment_status":"closed","ping_status":"closed","sticky":false,"template":"","format":"standard","meta":{"footnotes":""},"categories":[2],"tags":[],"class_list":["post-109687","post","type-post","status-publish","format-standard","has-post-thumbnail","hentry","category-nacionales"],"_links":{"self":[{"href":"https:\/\/sertv.gob.pa\/nacionalfm\/wp-json\/wp\/v2\/posts\/109687","targetHints":{"allow":["GET"]}}],"collection":[{"href":"https:\/\/sertv.gob.pa\/nacionalfm\/wp-json\/wp\/v2\/posts"}],"about":[{"href":"https:\/\/sertv.gob.pa\/nacionalfm\/wp-json\/wp\/v2\/types\/post"}],"author":[{"embeddable":true,"href":"https:\/\/sertv.gob.pa\/nacionalfm\/wp-json\/wp\/v2\/users\/9"}],"replies":[{"embeddable":true,"href":"https:\/\/sertv.gob.pa\/nacionalfm\/wp-json\/wp\/v2\/comments?post=109687"}],"version-history":[{"count":1,"href":"https:\/\/sertv.gob.pa\/nacionalfm\/wp-json\/wp\/v2\/posts\/109687\/revisions"}],"predecessor-version":[{"id":109689,"href":"https:\/\/sertv.gob.pa\/nacionalfm\/wp-json\/wp\/v2\/posts\/109687\/revisions\/109689"}],"wp:featuredmedia":[{"embeddable":true,"href":"https:\/\/sertv.gob.pa\/nacionalfm\/wp-json\/wp\/v2\/media\/109688"}],"wp:attachment":[{"href":"https:\/\/sertv.gob.pa\/nacionalfm\/wp-json\/wp\/v2\/media?parent=109687"}],"wp:term":[{"taxonomy":"category","embeddable":true,"href":"https:\/\/sertv.gob.pa\/nacionalfm\/wp-json\/wp\/v2\/categories?post=109687"},{"taxonomy":"post_tag","embeddable":true,"href":"https:\/\/sertv.gob.pa\/nacionalfm\/wp-json\/wp\/v2\/tags?post=109687"}],"curies":[{"name":"wp","href":"https:\/\/api.w.org\/{rel}","templated":true}]}}