{"id":1097,"date":"2014-08-19T05:00:00","date_gmt":"2014-08-19T05:00:00","guid":{"rendered":""},"modified":"2014-08-19T05:00:00","modified_gmt":"2014-08-19T05:00:00","slug":"panamenos-capacitados-sobre-chikungunya","status":"publish","type":"post","link":"https:\/\/sertv.gob.pa\/nacionalfm\/panamenos-capacitados-sobre-chikungunya\/","title":{"rendered":"Paname\u00f1os capacitados sobre Chikungunya"},"content":{"rendered":"<p>\nEspecialistas  m\u00e9dicos de Rep\u00fablica Dominicana  estar\u00e1n durante esta semana en  Panam\u00e1  con el prop\u00f3sito de adiestrar a personal de la salud p\u00fablica de este pa\u00eds en efectuar diagn\u00f3sticos en caso del  virus chikungunya , inform\u00f3 una fuente oficial. <\/p>\n<p>Las autoridades paname\u00f1as decidieron traer a expertos de  Rep\u00fablica Dominicana  para que \u00abnutran\u00bb al personal cl\u00ednico de Panam\u00e1 sobre un efectivo diagn\u00f3stico ante casos de  chikungunya,  como preparaci\u00f3n en caso de que se incrementen casos en el pa\u00eds centroamericano, detall\u00f3 el  Ministerio de Salud de Panam\u00e1 (MINSA).  <\/p>\n<p>El grupo de expertos dominicanos es encabezado por la doctora Rita Rojas, vicepresidenta de la  Sociedad   de Infectolog\u00eda de Dominicana , y V\u00edrgen G\u00f3mez, pediatra infect\u00f3loga en el  hospital Jorge Cabral  del pa\u00eds caribe\u00f1o, detall\u00f3 la fuente. <\/p>\n<p>El doctor  Blas Armi\u00e9n, jefe del Departamento de Enfermedades Emergentes y Zoon\u00f3ticas del Instituto Conmemorativo Gorgas de Estudios de la Salud (ICGES)  de Panam\u00e1, se\u00f1al\u00f3 que ante la posibilidad de que los casos de chikungu\u00f1a aumenten, es necesario que el personal m\u00e9dico puede diferenciar sus s\u00edntomas con relaci\u00f3n al  dengue.\u00a0 @nacionalFm  <\/p>\n<p>\u00a0 <\/p>\n","protected":false},"excerpt":{"rendered":"<p>Especialistas m\u00e9dicos de Rep\u00fablica Dominicana estar\u00e1n durante esta semana en <a href=\"https:\/\/sertv.gob.pa\/nacionalfm\/panamenos-capacitados-sobre-chikungunya\/\"> [&#8230;]<\/a><\/p>\n","protected":false},"author":1,"featured_media":1098,"comment_status":"closed","ping_status":"closed","sticky":false,"template":"","format":"standard","meta":{"footnotes":""},"categories":[5],"tags":[],"class_list":["post-1097","post","type-post","status-publish","format-standard","has-post-thumbnail","hentry","category-salud"],"_links":{"self":[{"href":"https:\/\/sertv.gob.pa\/nacionalfm\/wp-json\/wp\/v2\/posts\/1097","targetHints":{"allow":["GET"]}}],"collection":[{"href":"https:\/\/sertv.gob.pa\/nacionalfm\/wp-json\/wp\/v2\/posts"}],"about":[{"href":"https:\/\/sertv.gob.pa\/nacionalfm\/wp-json\/wp\/v2\/types\/post"}],"author":[{"embeddable":true,"href":"https:\/\/sertv.gob.pa\/nacionalfm\/wp-json\/wp\/v2\/users\/1"}],"replies":[{"embeddable":true,"href":"https:\/\/sertv.gob.pa\/nacionalfm\/wp-json\/wp\/v2\/comments?post=1097"}],"version-history":[{"count":0,"href":"https:\/\/sertv.gob.pa\/nacionalfm\/wp-json\/wp\/v2\/posts\/1097\/revisions"}],"wp:featuredmedia":[{"embeddable":true,"href":"https:\/\/sertv.gob.pa\/nacionalfm\/wp-json\/wp\/v2\/media\/1098"}],"wp:attachment":[{"href":"https:\/\/sertv.gob.pa\/nacionalfm\/wp-json\/wp\/v2\/media?parent=1097"}],"wp:term":[{"taxonomy":"category","embeddable":true,"href":"https:\/\/sertv.gob.pa\/nacionalfm\/wp-json\/wp\/v2\/categories?post=1097"},{"taxonomy":"post_tag","embeddable":true,"href":"https:\/\/sertv.gob.pa\/nacionalfm\/wp-json\/wp\/v2\/tags?post=1097"}],"curies":[{"name":"wp","href":"https:\/\/api.w.org\/{rel}","templated":true}]}}