{"id":10970,"date":"2016-02-29T19:45:30","date_gmt":"2016-02-29T19:45:30","guid":{"rendered":""},"modified":"2016-02-29T19:45:30","modified_gmt":"2016-02-29T19:45:30","slug":"alonso-edwards-enfocado-en-medalla-olimpica","status":"publish","type":"post","link":"https:\/\/sertv.gob.pa\/nacionalfm\/alonso-edwards-enfocado-en-medalla-olimpica\/","title":{"rendered":"Alonso Edwards enfocado en medalla ol\u00edmpica"},"content":{"rendered":"<p>\nEl velocista paname\u00f1o Alonso Edward se encuentra enfocado para su principal meta, conseguir la cuarta medalla en la historia de Panam\u00e1 en Juegos Ol\u00edmpicos. <\/p>\n<p>Alonso estuvo por algunos d\u00edas en el pa\u00eds, donde tuvo que resolver el problema de la visa y pasaporte, sin embargo, no dej\u00f3 de entrenar en el estadio Rommel Fern\u00e1ndez, bajo la supervisi\u00f3n del profesor Cecilio Woodruf. <\/p>\n<p>El atleta que participar\u00e1 en los Juegos Ol\u00edmpicos dentro de la prueba de los 200 metros planos, asegur\u00f3 sentirse en \u00f3ptimas condiciones tanto mental como f\u00edsica, para encarar m\u00faltiples competencias, previo a la cita de R\u00edo de Janeiro. <\/p>\n<p>&ldquo;Correr\u00e9 en modalidad relevo los d\u00edas 2 y 3 de abril en una competencia en Florida, donde participan los mejores profesionales del atletismo y la semana siguiente, competir\u00e9 en los 100 planos&rdquo;, adelant\u00f3 el atleta con 26 a\u00f1os. <\/p>\n<p>Desde el d\u00eda 7 de mayo, Edward dir\u00e1 presente en la Liga Diamante, donde buscar\u00e1 su tercer t\u00edtulo consecutivo y Doha, capital de Qatar, en el arranque de esta importante haza\u00f1a. <\/p>\n<p>Alonso es uno de los atletas que es beneficiado por el programa &ldquo;Est\u00edmulo Deportivo&rdquo;, que otorga el Instituto Paname\u00f1o de Deportes en el rengl\u00f3n de excelencia deportiva, adem\u00e1s de recibir el apoyo por la entidad en el pago de sus compromisos internacionales. <\/p>\n","protected":false},"excerpt":{"rendered":"<p>El velocista paname\u00f1o Alonso Edward se encuentra enfocado para su <a href=\"https:\/\/sertv.gob.pa\/nacionalfm\/alonso-edwards-enfocado-en-medalla-olimpica\/\"> [&#8230;]<\/a><\/p>\n","protected":false},"author":1,"featured_media":10971,"comment_status":"closed","ping_status":"closed","sticky":false,"template":"","format":"standard","meta":{"footnotes":""},"categories":[4],"tags":[],"class_list":["post-10970","post","type-post","status-publish","format-standard","has-post-thumbnail","hentry","category-deportes"],"_links":{"self":[{"href":"https:\/\/sertv.gob.pa\/nacionalfm\/wp-json\/wp\/v2\/posts\/10970","targetHints":{"allow":["GET"]}}],"collection":[{"href":"https:\/\/sertv.gob.pa\/nacionalfm\/wp-json\/wp\/v2\/posts"}],"about":[{"href":"https:\/\/sertv.gob.pa\/nacionalfm\/wp-json\/wp\/v2\/types\/post"}],"author":[{"embeddable":true,"href":"https:\/\/sertv.gob.pa\/nacionalfm\/wp-json\/wp\/v2\/users\/1"}],"replies":[{"embeddable":true,"href":"https:\/\/sertv.gob.pa\/nacionalfm\/wp-json\/wp\/v2\/comments?post=10970"}],"version-history":[{"count":0,"href":"https:\/\/sertv.gob.pa\/nacionalfm\/wp-json\/wp\/v2\/posts\/10970\/revisions"}],"wp:featuredmedia":[{"embeddable":true,"href":"https:\/\/sertv.gob.pa\/nacionalfm\/wp-json\/wp\/v2\/media\/10971"}],"wp:attachment":[{"href":"https:\/\/sertv.gob.pa\/nacionalfm\/wp-json\/wp\/v2\/media?parent=10970"}],"wp:term":[{"taxonomy":"category","embeddable":true,"href":"https:\/\/sertv.gob.pa\/nacionalfm\/wp-json\/wp\/v2\/categories?post=10970"},{"taxonomy":"post_tag","embeddable":true,"href":"https:\/\/sertv.gob.pa\/nacionalfm\/wp-json\/wp\/v2\/tags?post=10970"}],"curies":[{"name":"wp","href":"https:\/\/api.w.org\/{rel}","templated":true}]}}