{"id":109730,"date":"2025-07-07T14:33:17","date_gmt":"2025-07-07T19:33:17","guid":{"rendered":"https:\/\/sertv.gob.pa\/nacionalfm\/?p=109730"},"modified":"2025-07-08T11:22:43","modified_gmt":"2025-07-08T16:22:43","slug":"presidente-de-panama-jose-raul-mulino-asiste-a-ceremonia-de-graduacion-de-nuevos-agentes-de-la-policia-nacional","status":"publish","type":"post","link":"https:\/\/sertv.gob.pa\/nacionalfm\/presidente-de-panama-jose-raul-mulino-asiste-a-ceremonia-de-graduacion-de-nuevos-agentes-de-la-policia-nacional\/","title":{"rendered":"Presidente de Panam\u00e1, Jos\u00e9 Ra\u00fal Mulino, asiste a Ceremonia de Graduaci\u00f3n de Nuevos Agentes de la Polic\u00eda Nacional"},"content":{"rendered":"<div class=\"fusion-fullwidth fullwidth-box fusion-builder-row-1 fusion-flex-container has-pattern-background has-mask-background nonhundred-percent-fullwidth non-hundred-percent-height-scrolling\" style=\"--awb-border-radius-top-left:0px;--awb-border-radius-top-right:0px;--awb-border-radius-bottom-right:0px;--awb-border-radius-bottom-left:0px;--awb-flex-wrap:wrap;\" ><div class=\"fusion-builder-row fusion-row fusion-flex-align-items-flex-start fusion-flex-content-wrap\" style=\"max-width:1144px;margin-left: calc(-4% \/ 2 );margin-right: calc(-4% \/ 2 );\"><div class=\"fusion-layout-column fusion_builder_column fusion-builder-column-0 fusion_builder_column_1_1 1_1 fusion-flex-column\" style=\"--awb-bg-size:cover;--awb-width-large:100%;--awb-margin-top-large:0px;--awb-spacing-right-large:1.92%;--awb-margin-bottom-large:20px;--awb-spacing-left-large:1.92%;--awb-width-medium:100%;--awb-order-medium:0;--awb-spacing-right-medium:1.92%;--awb-spacing-left-medium:1.92%;--awb-width-small:100%;--awb-order-small:0;--awb-spacing-right-small:1.92%;--awb-spacing-left-small:1.92%;\"><div class=\"fusion-column-wrapper fusion-column-has-shadow fusion-flex-justify-content-flex-start fusion-content-layout-column\"><div class=\"fusion-text fusion-text-1\" style=\"--awb-content-alignment:justify;\"><p><em><strong>El presidente de la Rep\u00fablica de Panam\u00e1, Jos\u00e9 Ra\u00fal Mulino, particip\u00f3 este lunes, 7 de julio, en la Ceremonia de Graduaci\u00f3n de Agentes de la Polic\u00eda Nacional.<\/strong><\/em><\/p>\n<p><strong>Esta es la Promoci\u00f3n 101, y en ella, se graduaron 892 nuevos agentes quienes adem\u00e1s de recibir del mandatario paname\u00f1o condecoraciones, acogieron de \u00e9l, igualmente, palabras de aliento por su futuro como nuevos profesionales en este campo.<\/strong><\/p>\n<p><strong>El presidente Mulino, manifest\u00f3 que, le llenaba de orgullo acompa\u00f1ar a los 892 nuevos agentes de la Promoci\u00f3n 101 en su Ceremonia de Graduaci\u00f3n de nuevos agentes de la polic\u00eda nacional.<\/strong><\/p>\n<p><strong>Estos nuevos agentes ser\u00e1n tambi\u00e9n, junto a otras autoridades, responsables de vigilar la seguridad en el pa\u00eds.<\/strong><\/p>\n<p><strong>Entre lo expresado durante su discurso para estos nuevos agentes de la seguridad paname\u00f1a, el presidente, Jos\u00e9 Ra\u00fal Mulino, les env\u00edo palabras de estimulo a los nuevos graduandos, al decirles entre otras cosas que \u00abson el rostro del compromiso, la disciplina y el futuro de la seguridad en Panam\u00e1\u00bb.<\/strong><\/p>\n<\/div><div class=\"awb-gallery-wrapper awb-gallery-wrapper-1 button-span-no\" style=\"--more-btn-alignment:center;\"><div style=\"margin:-5px;--awb-bordersize:0px;\" class=\"fusion-gallery fusion-gallery-container fusion-grid-3 fusion-columns-total-5 fusion-gallery-layout-grid fusion-gallery-1\"><div style=\"padding:5px;\" class=\"fusion-grid-column fusion-gallery-column fusion-gallery-column-3 hover-type-none\"><div class=\"fusion-gallery-image\"><a href=\"https:\/\/sertv.gob.pa\/nacionalfm\/wp-content\/uploads\/sites\/6\/2025\/07\/CEREMONIA-GRADUACION-2.jpg\" rel=\"noreferrer\" data-rel=\"iLightbox[gallery_image_1]\" class=\"fusion-lightbox\" target=\"_self\"><img decoding=\"async\" src=\"https:\/\/sertv.gob.pa\/nacionalfm\/wp-content\/uploads\/sites\/6\/2025\/07\/CEREMONIA-GRADUACION-2.jpg\" width=\"600\" height=\"338\" alt=\"\" title=\"CEREMONIA GRADUACI\u00d3N 2\" aria-label=\"CEREMONIA GRADUACI\u00d3N 2\" class=\"img-responsive wp-image-109721\" srcset=\"https:\/\/sertv.gob.pa\/nacionalfm\/wp-content\/uploads\/sites\/6\/2025\/07\/CEREMONIA-GRADUACION-2-200x113.jpg 200w, https:\/\/sertv.gob.pa\/nacionalfm\/wp-content\/uploads\/sites\/6\/2025\/07\/CEREMONIA-GRADUACION-2-400x225.jpg 400w, https:\/\/sertv.gob.pa\/nacionalfm\/wp-content\/uploads\/sites\/6\/2025\/07\/CEREMONIA-GRADUACION-2.jpg 600w\" sizes=\"(min-width: 2200px) 100vw, (min-width: 784px) 363px, (min-width: 712px) 545px, (min-width: 640px) 712px, \" \/><\/a><\/div><\/div><div style=\"padding:5px;\" class=\"fusion-grid-column fusion-gallery-column fusion-gallery-column-3 hover-type-none\"><div class=\"fusion-gallery-image\"><a href=\"https:\/\/sertv.gob.pa\/nacionalfm\/wp-content\/uploads\/sites\/6\/2025\/07\/CEREMONIA-GRADUACION-3.jpg\" rel=\"noreferrer\" data-rel=\"iLightbox[gallery_image_1]\" class=\"fusion-lightbox\" target=\"_self\"><img decoding=\"async\" src=\"https:\/\/sertv.gob.pa\/nacionalfm\/wp-content\/uploads\/sites\/6\/2025\/07\/CEREMONIA-GRADUACION-3.jpg\" width=\"600\" height=\"338\" alt=\"\" title=\"CEREMONIA GRADUACI\u00d3N 3\" aria-label=\"CEREMONIA GRADUACI\u00d3N 3\" class=\"img-responsive wp-image-109722\" srcset=\"https:\/\/sertv.gob.pa\/nacionalfm\/wp-content\/uploads\/sites\/6\/2025\/07\/CEREMONIA-GRADUACION-3-200x113.jpg 200w, https:\/\/sertv.gob.pa\/nacionalfm\/wp-content\/uploads\/sites\/6\/2025\/07\/CEREMONIA-GRADUACION-3-400x225.jpg 400w, https:\/\/sertv.gob.pa\/nacionalfm\/wp-content\/uploads\/sites\/6\/2025\/07\/CEREMONIA-GRADUACION-3.jpg 600w\" sizes=\"(min-width: 2200px) 100vw, (min-width: 784px) 363px, (min-width: 712px) 545px, (min-width: 640px) 712px, \" \/><\/a><\/div><\/div><div style=\"padding:5px;\" class=\"fusion-grid-column fusion-gallery-column fusion-gallery-column-3 hover-type-none\"><div class=\"fusion-gallery-image\"><a href=\"https:\/\/sertv.gob.pa\/nacionalfm\/wp-content\/uploads\/sites\/6\/2025\/07\/CEREMONIA-GRADUACION-5.jpg\" rel=\"noreferrer\" data-rel=\"iLightbox[gallery_image_1]\" class=\"fusion-lightbox\" target=\"_self\"><img decoding=\"async\" src=\"https:\/\/sertv.gob.pa\/nacionalfm\/wp-content\/uploads\/sites\/6\/2025\/07\/CEREMONIA-GRADUACION-5.jpg\" width=\"600\" height=\"338\" alt=\"\" title=\"CEREMONIA GRADUACI\u00d3N 5\" aria-label=\"CEREMONIA GRADUACI\u00d3N 5\" class=\"img-responsive wp-image-109725\" srcset=\"https:\/\/sertv.gob.pa\/nacionalfm\/wp-content\/uploads\/sites\/6\/2025\/07\/CEREMONIA-GRADUACION-5-200x113.jpg 200w, https:\/\/sertv.gob.pa\/nacionalfm\/wp-content\/uploads\/sites\/6\/2025\/07\/CEREMONIA-GRADUACION-5-400x225.jpg 400w, https:\/\/sertv.gob.pa\/nacionalfm\/wp-content\/uploads\/sites\/6\/2025\/07\/CEREMONIA-GRADUACION-5.jpg 600w\" sizes=\"(min-width: 2200px) 100vw, (min-width: 784px) 363px, (min-width: 712px) 545px, (min-width: 640px) 712px, \" \/><\/a><\/div><\/div><div class=\"clearfix\"><\/div><div style=\"padding:5px;\" class=\"fusion-grid-column fusion-gallery-column fusion-gallery-column-3 hover-type-none\"><div class=\"fusion-gallery-image\"><a href=\"https:\/\/sertv.gob.pa\/nacionalfm\/wp-content\/uploads\/sites\/6\/2025\/07\/CEREMONIA-GRADUACION-4-1.jpg\" rel=\"noreferrer\" data-rel=\"iLightbox[gallery_image_1]\" class=\"fusion-lightbox\" target=\"_self\"><img decoding=\"async\" src=\"https:\/\/sertv.gob.pa\/nacionalfm\/wp-content\/uploads\/sites\/6\/2025\/07\/CEREMONIA-GRADUACION-4-1.jpg\" width=\"600\" height=\"338\" alt=\"\" title=\"CEREMONIA GRADUACI\u00d3N 4\" aria-label=\"CEREMONIA GRADUACI\u00d3N 4\" class=\"img-responsive wp-image-109724\" srcset=\"https:\/\/sertv.gob.pa\/nacionalfm\/wp-content\/uploads\/sites\/6\/2025\/07\/CEREMONIA-GRADUACION-4-1-200x113.jpg 200w, https:\/\/sertv.gob.pa\/nacionalfm\/wp-content\/uploads\/sites\/6\/2025\/07\/CEREMONIA-GRADUACION-4-1-400x225.jpg 400w, https:\/\/sertv.gob.pa\/nacionalfm\/wp-content\/uploads\/sites\/6\/2025\/07\/CEREMONIA-GRADUACION-4-1.jpg 600w\" sizes=\"(min-width: 2200px) 100vw, (min-width: 784px) 363px, (min-width: 712px) 545px, (min-width: 640px) 712px, \" \/><\/a><\/div><\/div><div style=\"padding:5px;\" class=\"fusion-grid-column fusion-gallery-column fusion-gallery-column-3 hover-type-none\"><div class=\"fusion-gallery-image\"><a href=\"https:\/\/sertv.gob.pa\/nacionalfm\/wp-content\/uploads\/sites\/6\/2025\/07\/CEREMONIA-GRADUACION-6.jpg\" rel=\"noreferrer\" data-rel=\"iLightbox[gallery_image_1]\" class=\"fusion-lightbox\" target=\"_self\"><img decoding=\"async\" src=\"https:\/\/sertv.gob.pa\/nacionalfm\/wp-content\/uploads\/sites\/6\/2025\/07\/CEREMONIA-GRADUACION-6.jpg\" width=\"600\" height=\"338\" alt=\"\" title=\"CEREMONIA GRADUACI\u00d3N 6\" aria-label=\"CEREMONIA GRADUACI\u00d3N 6\" class=\"img-responsive wp-image-109726\" srcset=\"https:\/\/sertv.gob.pa\/nacionalfm\/wp-content\/uploads\/sites\/6\/2025\/07\/CEREMONIA-GRADUACION-6-200x113.jpg 200w, https:\/\/sertv.gob.pa\/nacionalfm\/wp-content\/uploads\/sites\/6\/2025\/07\/CEREMONIA-GRADUACION-6-400x225.jpg 400w, https:\/\/sertv.gob.pa\/nacionalfm\/wp-content\/uploads\/sites\/6\/2025\/07\/CEREMONIA-GRADUACION-6.jpg 600w\" sizes=\"(min-width: 2200px) 100vw, (min-width: 784px) 363px, (min-width: 712px) 545px, (min-width: 640px) 712px, \" \/><\/a><\/div><\/div><\/div><\/div><\/div><\/div><\/div><\/div>\n","protected":false},"excerpt":{"rendered":"","protected":false},"author":9,"featured_media":109720,"comment_status":"closed","ping_status":"closed","sticky":false,"template":"","format":"standard","meta":{"footnotes":""},"categories":[2],"tags":[],"class_list":["post-109730","post","type-post","status-publish","format-standard","has-post-thumbnail","hentry","category-nacionales"],"_links":{"self":[{"href":"https:\/\/sertv.gob.pa\/nacionalfm\/wp-json\/wp\/v2\/posts\/109730","targetHints":{"allow":["GET"]}}],"collection":[{"href":"https:\/\/sertv.gob.pa\/nacionalfm\/wp-json\/wp\/v2\/posts"}],"about":[{"href":"https:\/\/sertv.gob.pa\/nacionalfm\/wp-json\/wp\/v2\/types\/post"}],"author":[{"embeddable":true,"href":"https:\/\/sertv.gob.pa\/nacionalfm\/wp-json\/wp\/v2\/users\/9"}],"replies":[{"embeddable":true,"href":"https:\/\/sertv.gob.pa\/nacionalfm\/wp-json\/wp\/v2\/comments?post=109730"}],"version-history":[{"count":4,"href":"https:\/\/sertv.gob.pa\/nacionalfm\/wp-json\/wp\/v2\/posts\/109730\/revisions"}],"predecessor-version":[{"id":109774,"href":"https:\/\/sertv.gob.pa\/nacionalfm\/wp-json\/wp\/v2\/posts\/109730\/revisions\/109774"}],"wp:featuredmedia":[{"embeddable":true,"href":"https:\/\/sertv.gob.pa\/nacionalfm\/wp-json\/wp\/v2\/media\/109720"}],"wp:attachment":[{"href":"https:\/\/sertv.gob.pa\/nacionalfm\/wp-json\/wp\/v2\/media?parent=109730"}],"wp:term":[{"taxonomy":"category","embeddable":true,"href":"https:\/\/sertv.gob.pa\/nacionalfm\/wp-json\/wp\/v2\/categories?post=109730"},{"taxonomy":"post_tag","embeddable":true,"href":"https:\/\/sertv.gob.pa\/nacionalfm\/wp-json\/wp\/v2\/tags?post=109730"}],"curies":[{"name":"wp","href":"https:\/\/api.w.org\/{rel}","templated":true}]}}