{"id":109736,"date":"2025-07-08T09:10:11","date_gmt":"2025-07-08T14:10:11","guid":{"rendered":"https:\/\/sertv.gob.pa\/nacionalfm\/?p=109736"},"modified":"2025-07-08T09:10:11","modified_gmt":"2025-07-08T14:10:11","slug":"presidente-mulino-en-ceremonia-de-graduacion-de-nuevos-agentes-policiales-del-ispol-los-insta-a-practicar-la-excelencia","status":"publish","type":"post","link":"https:\/\/sertv.gob.pa\/nacionalfm\/presidente-mulino-en-ceremonia-de-graduacion-de-nuevos-agentes-policiales-del-ispol-los-insta-a-practicar-la-excelencia\/","title":{"rendered":"Presidente Mulino en Ceremonia de Graduaci\u00f3n de nuevos agentes policiales del ISPOL, los insta a practicar la excelencia"},"content":{"rendered":"<div class=\"fusion-fullwidth fullwidth-box fusion-builder-row-1 fusion-flex-container has-pattern-background has-mask-background nonhundred-percent-fullwidth non-hundred-percent-height-scrolling\" style=\"--awb-border-radius-top-left:0px;--awb-border-radius-top-right:0px;--awb-border-radius-bottom-right:0px;--awb-border-radius-bottom-left:0px;--awb-flex-wrap:wrap;\" ><div class=\"fusion-builder-row fusion-row fusion-flex-align-items-flex-start fusion-flex-content-wrap\" style=\"max-width:1144px;margin-left: calc(-4% \/ 2 );margin-right: calc(-4% \/ 2 );\"><div class=\"fusion-layout-column fusion_builder_column fusion-builder-column-0 fusion_builder_column_1_1 1_1 fusion-flex-column\" style=\"--awb-bg-size:cover;--awb-width-large:100%;--awb-margin-top-large:0px;--awb-spacing-right-large:1.92%;--awb-margin-bottom-large:20px;--awb-spacing-left-large:1.92%;--awb-width-medium:100%;--awb-order-medium:0;--awb-spacing-right-medium:1.92%;--awb-spacing-left-medium:1.92%;--awb-width-small:100%;--awb-order-small:0;--awb-spacing-right-small:1.92%;--awb-spacing-left-small:1.92%;\"><div class=\"fusion-column-wrapper fusion-column-has-shadow fusion-flex-justify-content-flex-start fusion-content-layout-column\"><div class=\"fusion-text fusion-text-1\" style=\"--awb-content-alignment:justify;\"><p><strong>-Graduaci\u00f3n 101 del Instituto Superior Policial.-<\/strong><\/p>\n<p><em><strong>El presidente de la Rep\u00fablica de Panam\u00e1, Jos\u00e9 Ra\u00fal Mulino, particip\u00f3 este lunes, 7 de julio, de la ceremonia de graduaci\u00f3n del Instituto Superior Policial (ISPOL) \u201cPresidente Belisario Porras\u201d, en donde se dio la juramentaci\u00f3n de 892 nuevos agentes, de los cuales, 865 se suman al pie de fuerza de la Polic\u00eda Nacional de Panam\u00e1 (PNP), mientras que, otros 27 lo har\u00e1n al Servicio Nacional de Migraci\u00f3n (SNM).<\/strong><\/em><\/p>\n<p><strong>Durante este evento, el mandatario, inst\u00f3 a los nuevos oficiales, a ejercer su trabajo con excelencia. \u201cEsa excelencia se hace d\u00eda a d\u00eda, no es un eslogan. Se hace todos los d\u00edas, trabajando y poniendo en pr\u00e1ctica las ense\u00f1anzas que durante los \u00faltimos meses les dieron en la academia. Ustedes, son representantes genuinos de una nueva generaci\u00f3n de polic\u00edas que empieza hoy una dura tarea\u201d, destac\u00f3 Mulino en su discurso del acto de graduaci\u00f3n N. 101 de la ISPOL.<\/strong><\/p>\n<p><strong>Por otra parte, en sus palabras, el presidente reconoci\u00f3 que, no es una profesi\u00f3n f\u00e1cil, pero s\u00ed necesaria para toda la poblaci\u00f3n paname\u00f1a. \u201cLes deseo lo mejor, que Dios los bendiga y los proteja, porque este trabajo es de h\u00e9roes y ustedes son los representantes de los h\u00e9roes paname\u00f1os que dan un paso al frente para poner sus vidas al servicio de los mejores intereses de la Naci\u00f3n\u201d, revel\u00f3.<\/strong><\/p>\n<p><strong>Para esta ceremonia, el presidente Mulino, estuvo acompa\u00f1ado de los ministros Frank \u00c1brego (Seguridad), Juan Carlos Orillac, (Presidencia); el director de la Polic\u00eda Nacional, Jaime Fern\u00e1ndez; el procurador de la Naci\u00f3n, Luis Carlos G\u00f3mez; y la procuradora de la Administraci\u00f3n, Grettel Villalaz, entre otras autoridades.<\/strong><\/p>\n<p><strong>Mulino, manifest\u00f3 tambi\u00e9n, que los estamentos de seguridad han avanzado hacia el profesionalismo y la especializaci\u00f3n con instrucciones de distintas materias, para darles una cultura general amplia de orden p\u00fablico y democracia.<\/strong><\/p>\n<p><strong>Entre los graduados, se encuentran oficiales especializados en Control de Multitudes, de la Unidad Motorizada Lince, en inteligencia policial, investigaci\u00f3n policial, antidrogas y en la condici\u00f3n de patrullas.<\/strong><\/p>\n<p><strong>El gobernante aprovech\u00f3 el desarrollo de este evento, para env\u00edar su felicitaci\u00f3n a todos los entes de seguridad que dieron lo mejor de s\u00ed, a fin de garantizar el orden p\u00fablico a nivel nacional \u201cfrente a grupos radicales de izquierda que intentaron imponer su criterio\u201d contra la voluntad mayoritaria de diputados y de los distintos \u00f3rganos pol\u00edticos que decidieron aprobar una ley en la Asamblea Nacional.<\/strong><\/p>\n<p><strong>\u201cEs as\u00ed como se hace un pa\u00eds, con las mayor\u00edas, no con miedo a las minor\u00edas. Es as\u00ed como se construye fortaleza institucional, que es lo que se trata de hacer en cada una de estas graduaciones.<\/strong><\/p>\n<p><strong>Que sepan ustedes que una chapa y una pistola, no los hace mucho m\u00e1s que nadie, pero tampoco los hace menos que nadie. Y demandan el respeto ciudadano que exijo yo, personalmente, como jefes de ustedes y a nivel de toda la Fuerza P\u00fabica\u201d, expres\u00f3 Mulino.<\/strong><\/p>\n<p><strong>Agreg\u00f3 adem\u00e1s, que le da mucho gusto aseverar como presidente que se cumpli\u00f3 con esta misi\u00f3n porque al pa\u00eds no lo trancaron los radicales \u201ccon todo el esfuerzo que hicieron y la plata que les subvencionaron otras organizaciones de dentro y de afuera. Tenemos una gran lucha contra el crimen organizado, una lucha que no termina de hoy para ma\u00f1ana, al contrario, se expande\u201d.<\/strong><\/p>\n<p><strong>\u201cDeseo hacer un aparte para la Unidad de Control de Multitudes de los tres estamentos de seguridad. Manejaron la situaci\u00f3n con gran profesionalismo, resistieron, negociaron y abrieron Bocas del Toro. Ninguno de ustedes, port\u00f3 un arma letal en su cinto, utilizaron las herramientas para despejar v\u00edas\u201d, destac\u00f3 el presidente Mulino, e indic\u00f3 que, los propios ciudadanos ped\u00edan la intervenci\u00f3n policial y \u201clo hicimos con mesura, tratando de convencer a trav\u00e9s del di\u00e1logo que a veces no le correspond\u00eda\u201d.<\/strong><\/p>\n<p><strong>\u201cHoy es un lunes distinto, abierto de frontera a frontera, y eso lo vamos a conservar hoy, ma\u00f1ana y siempre, porque este pa\u00eds no puede vivir secuestrado por facinerosos\u201d, asegur\u00f3 Mulino, ante los 892 agentes graduados del ISPOL.<\/strong><\/p>\n<p><strong>Otro logro destacado por Mulino, fue el trabajo para cerrar la migraci\u00f3n ilegal por la frontera de Dari\u00e9n. \u201cNuestras fronteras hoy son un lugar seguro que hay que seguir vigilando 24\/7 por la seguridad de todos los paname\u00f1os\u201d, puntualiz\u00f3 Mulino.<\/strong><\/p>\n<p><strong>Por otro lado, en su intervenci\u00f3n, el ministro \u00c1brego, declar\u00f3 que, este d\u00eda marca el inicio de una nueva etapa para estos 865 agentes que ingresan a la Polic\u00eda Nacional y 27 al Servicio Nacional de Migraci\u00f3n, comprometidos con el servicio p\u00fablico y que se suman a otras 1,583 unidades alcanzando las 2,475 unidades incorporadas durante la presente gesti\u00f3n en los diferentes estamentos de seguridad, cumpliendo con el necesario relevo generacional.<\/strong><\/p>\n<p><strong>Estos nuevos agentes, se han formado con principios firmes que desempe\u00f1ar\u00e1n funciones apegadas a la Constituci\u00f3n, las leyes y el respeto a los derechos humanos. \u201cEllos se convierten en pieza clave del engranaje institucional\u201d, afirm\u00f3 \u00c1brego.<\/strong><\/p>\n<\/div><div class=\"awb-gallery-wrapper awb-gallery-wrapper-1 button-span-no\" style=\"--more-btn-alignment:center;\"><div style=\"margin:-5px;--awb-bordersize:0px;\" class=\"fusion-gallery fusion-gallery-container fusion-grid-3 fusion-columns-total-9 fusion-gallery-layout-grid fusion-gallery-1\"><div style=\"padding:5px;\" class=\"fusion-grid-column fusion-gallery-column fusion-gallery-column-3 hover-type-none\"><div class=\"fusion-gallery-image\"><a href=\"https:\/\/sertv.gob.pa\/nacionalfm\/wp-content\/uploads\/sites\/6\/2025\/07\/PRESIDENTE-GRADUACION-AGENTES-2.jpeg\" rel=\"noreferrer\" data-rel=\"iLightbox[gallery_image_1]\" class=\"fusion-lightbox\" target=\"_self\"><img decoding=\"async\" src=\"https:\/\/sertv.gob.pa\/nacionalfm\/wp-content\/uploads\/sites\/6\/2025\/07\/PRESIDENTE-GRADUACION-AGENTES-2.jpeg\" width=\"400\" height=\"600\" alt=\"\" title=\"PRESIDENTE GRADUACI\u00d3N AGENTES 2\" aria-label=\"PRESIDENTE GRADUACI\u00d3N AGENTES 2\" class=\"img-responsive wp-image-109738\" srcset=\"https:\/\/sertv.gob.pa\/nacionalfm\/wp-content\/uploads\/sites\/6\/2025\/07\/PRESIDENTE-GRADUACION-AGENTES-2-200x300.jpeg 200w, https:\/\/sertv.gob.pa\/nacionalfm\/wp-content\/uploads\/sites\/6\/2025\/07\/PRESIDENTE-GRADUACION-AGENTES-2.jpeg 400w\" sizes=\"(min-width: 2200px) 100vw, (min-width: 784px) 363px, (min-width: 712px) 545px, (min-width: 640px) 712px, \" \/><\/a><\/div><\/div><div style=\"padding:5px;\" class=\"fusion-grid-column fusion-gallery-column fusion-gallery-column-3 hover-type-none\"><div class=\"fusion-gallery-image\"><a href=\"https:\/\/sertv.gob.pa\/nacionalfm\/wp-content\/uploads\/sites\/6\/2025\/07\/PRESIDENTE-GRADUACION-AGENTES-3.jpeg\" rel=\"noreferrer\" data-rel=\"iLightbox[gallery_image_1]\" class=\"fusion-lightbox\" target=\"_self\"><img decoding=\"async\" src=\"https:\/\/sertv.gob.pa\/nacionalfm\/wp-content\/uploads\/sites\/6\/2025\/07\/PRESIDENTE-GRADUACION-AGENTES-3.jpeg\" width=\"600\" height=\"400\" alt=\"\" title=\"PRESIDENTE GRADUACI\u00d3N AGENTES 3\" aria-label=\"PRESIDENTE GRADUACI\u00d3N AGENTES 3\" class=\"img-responsive wp-image-109739\" srcset=\"https:\/\/sertv.gob.pa\/nacionalfm\/wp-content\/uploads\/sites\/6\/2025\/07\/PRESIDENTE-GRADUACION-AGENTES-3-200x133.jpeg 200w, https:\/\/sertv.gob.pa\/nacionalfm\/wp-content\/uploads\/sites\/6\/2025\/07\/PRESIDENTE-GRADUACION-AGENTES-3-400x267.jpeg 400w, https:\/\/sertv.gob.pa\/nacionalfm\/wp-content\/uploads\/sites\/6\/2025\/07\/PRESIDENTE-GRADUACION-AGENTES-3.jpeg 600w\" sizes=\"(min-width: 2200px) 100vw, (min-width: 784px) 363px, (min-width: 712px) 545px, (min-width: 640px) 712px, \" \/><\/a><\/div><\/div><div style=\"padding:5px;\" class=\"fusion-grid-column fusion-gallery-column fusion-gallery-column-3 hover-type-none\"><div class=\"fusion-gallery-image\"><a href=\"https:\/\/sertv.gob.pa\/nacionalfm\/wp-content\/uploads\/sites\/6\/2025\/07\/PRESIDENTE-GRADUACION-AGENTES-4.jpeg\" rel=\"noreferrer\" data-rel=\"iLightbox[gallery_image_1]\" class=\"fusion-lightbox\" target=\"_self\"><img decoding=\"async\" src=\"https:\/\/sertv.gob.pa\/nacionalfm\/wp-content\/uploads\/sites\/6\/2025\/07\/PRESIDENTE-GRADUACION-AGENTES-4.jpeg\" width=\"600\" height=\"400\" alt=\"\" title=\"PRESIDENTE GRADUACI\u00d3N AGENTES 4\" aria-label=\"PRESIDENTE GRADUACI\u00d3N AGENTES 4\" class=\"img-responsive wp-image-109740\" srcset=\"https:\/\/sertv.gob.pa\/nacionalfm\/wp-content\/uploads\/sites\/6\/2025\/07\/PRESIDENTE-GRADUACION-AGENTES-4-200x133.jpeg 200w, https:\/\/sertv.gob.pa\/nacionalfm\/wp-content\/uploads\/sites\/6\/2025\/07\/PRESIDENTE-GRADUACION-AGENTES-4-400x267.jpeg 400w, https:\/\/sertv.gob.pa\/nacionalfm\/wp-content\/uploads\/sites\/6\/2025\/07\/PRESIDENTE-GRADUACION-AGENTES-4.jpeg 600w\" sizes=\"(min-width: 2200px) 100vw, (min-width: 784px) 363px, (min-width: 712px) 545px, (min-width: 640px) 712px, \" \/><\/a><\/div><\/div><div class=\"clearfix\"><\/div><div style=\"padding:5px;\" class=\"fusion-grid-column fusion-gallery-column fusion-gallery-column-3 hover-type-none\"><div class=\"fusion-gallery-image\"><a href=\"https:\/\/sertv.gob.pa\/nacionalfm\/wp-content\/uploads\/sites\/6\/2025\/07\/PRESIDENTE-GRADUACION-AGENTES-5.jpeg\" rel=\"noreferrer\" data-rel=\"iLightbox[gallery_image_1]\" class=\"fusion-lightbox\" target=\"_self\"><img decoding=\"async\" src=\"https:\/\/sertv.gob.pa\/nacionalfm\/wp-content\/uploads\/sites\/6\/2025\/07\/PRESIDENTE-GRADUACION-AGENTES-5.jpeg\" width=\"600\" height=\"400\" alt=\"\" title=\"PRESIDENTE GRADUACI\u00d3N AGENTES 5\" aria-label=\"PRESIDENTE GRADUACI\u00d3N AGENTES 5\" class=\"img-responsive wp-image-109741\" srcset=\"https:\/\/sertv.gob.pa\/nacionalfm\/wp-content\/uploads\/sites\/6\/2025\/07\/PRESIDENTE-GRADUACION-AGENTES-5-200x133.jpeg 200w, https:\/\/sertv.gob.pa\/nacionalfm\/wp-content\/uploads\/sites\/6\/2025\/07\/PRESIDENTE-GRADUACION-AGENTES-5-400x267.jpeg 400w, https:\/\/sertv.gob.pa\/nacionalfm\/wp-content\/uploads\/sites\/6\/2025\/07\/PRESIDENTE-GRADUACION-AGENTES-5.jpeg 600w\" sizes=\"(min-width: 2200px) 100vw, (min-width: 784px) 363px, (min-width: 712px) 545px, (min-width: 640px) 712px, \" \/><\/a><\/div><\/div><div style=\"padding:5px;\" class=\"fusion-grid-column fusion-gallery-column fusion-gallery-column-3 hover-type-none\"><div class=\"fusion-gallery-image\"><a href=\"https:\/\/sertv.gob.pa\/nacionalfm\/wp-content\/uploads\/sites\/6\/2025\/07\/PRESIDENTE-GRADUACION-AGENTES-6.jpeg\" rel=\"noreferrer\" data-rel=\"iLightbox[gallery_image_1]\" class=\"fusion-lightbox\" target=\"_self\"><img decoding=\"async\" src=\"https:\/\/sertv.gob.pa\/nacionalfm\/wp-content\/uploads\/sites\/6\/2025\/07\/PRESIDENTE-GRADUACION-AGENTES-6.jpeg\" width=\"600\" height=\"400\" alt=\"\" title=\"PRESIDENTE GRADUACI\u00d3N AGENTES 6\" aria-label=\"PRESIDENTE GRADUACI\u00d3N AGENTES 6\" class=\"img-responsive wp-image-109742\" srcset=\"https:\/\/sertv.gob.pa\/nacionalfm\/wp-content\/uploads\/sites\/6\/2025\/07\/PRESIDENTE-GRADUACION-AGENTES-6-200x133.jpeg 200w, https:\/\/sertv.gob.pa\/nacionalfm\/wp-content\/uploads\/sites\/6\/2025\/07\/PRESIDENTE-GRADUACION-AGENTES-6-400x267.jpeg 400w, https:\/\/sertv.gob.pa\/nacionalfm\/wp-content\/uploads\/sites\/6\/2025\/07\/PRESIDENTE-GRADUACION-AGENTES-6.jpeg 600w\" sizes=\"(min-width: 2200px) 100vw, (min-width: 784px) 363px, (min-width: 712px) 545px, (min-width: 640px) 712px, \" \/><\/a><\/div><\/div><div style=\"padding:5px;\" class=\"fusion-grid-column fusion-gallery-column fusion-gallery-column-3 hover-type-none\"><div class=\"fusion-gallery-image\"><a href=\"https:\/\/sertv.gob.pa\/nacionalfm\/wp-content\/uploads\/sites\/6\/2025\/07\/PRESIDENTE-GRADUACION-AGENTES-7.jpeg\" rel=\"noreferrer\" data-rel=\"iLightbox[gallery_image_1]\" class=\"fusion-lightbox\" target=\"_self\"><img decoding=\"async\" src=\"https:\/\/sertv.gob.pa\/nacionalfm\/wp-content\/uploads\/sites\/6\/2025\/07\/PRESIDENTE-GRADUACION-AGENTES-7.jpeg\" width=\"400\" height=\"600\" alt=\"\" title=\"PRESIDENTE GRADUACI\u00d3N AGENTES 7\" aria-label=\"PRESIDENTE GRADUACI\u00d3N AGENTES 7\" class=\"img-responsive wp-image-109743\" srcset=\"https:\/\/sertv.gob.pa\/nacionalfm\/wp-content\/uploads\/sites\/6\/2025\/07\/PRESIDENTE-GRADUACION-AGENTES-7-200x300.jpeg 200w, https:\/\/sertv.gob.pa\/nacionalfm\/wp-content\/uploads\/sites\/6\/2025\/07\/PRESIDENTE-GRADUACION-AGENTES-7.jpeg 400w\" sizes=\"(min-width: 2200px) 100vw, (min-width: 784px) 363px, (min-width: 712px) 545px, (min-width: 640px) 712px, \" \/><\/a><\/div><\/div><div class=\"clearfix\"><\/div><div style=\"padding:5px;\" class=\"fusion-grid-column fusion-gallery-column fusion-gallery-column-3 hover-type-none\"><div class=\"fusion-gallery-image\"><a href=\"https:\/\/sertv.gob.pa\/nacionalfm\/wp-content\/uploads\/sites\/6\/2025\/07\/PRESIDENTE-GRADUACION-AGENTES-8.jpeg\" rel=\"noreferrer\" data-rel=\"iLightbox[gallery_image_1]\" class=\"fusion-lightbox\" target=\"_self\"><img decoding=\"async\" src=\"https:\/\/sertv.gob.pa\/nacionalfm\/wp-content\/uploads\/sites\/6\/2025\/07\/PRESIDENTE-GRADUACION-AGENTES-8.jpeg\" width=\"600\" height=\"400\" alt=\"\" title=\"PRESIDENTE GRADUACI\u00d3N AGENTES 8\" aria-label=\"PRESIDENTE GRADUACI\u00d3N AGENTES 8\" class=\"img-responsive wp-image-109744\" srcset=\"https:\/\/sertv.gob.pa\/nacionalfm\/wp-content\/uploads\/sites\/6\/2025\/07\/PRESIDENTE-GRADUACION-AGENTES-8-200x133.jpeg 200w, https:\/\/sertv.gob.pa\/nacionalfm\/wp-content\/uploads\/sites\/6\/2025\/07\/PRESIDENTE-GRADUACION-AGENTES-8-400x267.jpeg 400w, https:\/\/sertv.gob.pa\/nacionalfm\/wp-content\/uploads\/sites\/6\/2025\/07\/PRESIDENTE-GRADUACION-AGENTES-8.jpeg 600w\" sizes=\"(min-width: 2200px) 100vw, (min-width: 784px) 363px, (min-width: 712px) 545px, (min-width: 640px) 712px, \" \/><\/a><\/div><\/div><div style=\"padding:5px;\" class=\"fusion-grid-column fusion-gallery-column fusion-gallery-column-3 hover-type-none\"><div class=\"fusion-gallery-image\"><a href=\"https:\/\/sertv.gob.pa\/nacionalfm\/wp-content\/uploads\/sites\/6\/2025\/07\/PRESIDENTE-GRADUACION-AGENTES-9.jpeg\" rel=\"noreferrer\" data-rel=\"iLightbox[gallery_image_1]\" class=\"fusion-lightbox\" target=\"_self\"><img decoding=\"async\" src=\"https:\/\/sertv.gob.pa\/nacionalfm\/wp-content\/uploads\/sites\/6\/2025\/07\/PRESIDENTE-GRADUACION-AGENTES-9.jpeg\" width=\"600\" height=\"400\" alt=\"\" title=\"PRESIDENTE GRADUACI\u00d3N AGENTES 9\" aria-label=\"PRESIDENTE GRADUACI\u00d3N AGENTES 9\" class=\"img-responsive wp-image-109745\" srcset=\"https:\/\/sertv.gob.pa\/nacionalfm\/wp-content\/uploads\/sites\/6\/2025\/07\/PRESIDENTE-GRADUACION-AGENTES-9-200x133.jpeg 200w, https:\/\/sertv.gob.pa\/nacionalfm\/wp-content\/uploads\/sites\/6\/2025\/07\/PRESIDENTE-GRADUACION-AGENTES-9-400x267.jpeg 400w, https:\/\/sertv.gob.pa\/nacionalfm\/wp-content\/uploads\/sites\/6\/2025\/07\/PRESIDENTE-GRADUACION-AGENTES-9.jpeg 600w\" sizes=\"(min-width: 2200px) 100vw, (min-width: 784px) 363px, (min-width: 712px) 545px, (min-width: 640px) 712px, \" \/><\/a><\/div><\/div><div style=\"padding:5px;\" class=\"fusion-grid-column fusion-gallery-column fusion-gallery-column-3 hover-type-none\"><div class=\"fusion-gallery-image\"><a href=\"https:\/\/sertv.gob.pa\/nacionalfm\/wp-content\/uploads\/sites\/6\/2025\/07\/PRESIDENTE-GRADUACION-AGENTES-10.jpeg\" rel=\"noreferrer\" data-rel=\"iLightbox[gallery_image_1]\" class=\"fusion-lightbox\" target=\"_self\"><img decoding=\"async\" src=\"https:\/\/sertv.gob.pa\/nacionalfm\/wp-content\/uploads\/sites\/6\/2025\/07\/PRESIDENTE-GRADUACION-AGENTES-10.jpeg\" width=\"600\" height=\"400\" alt=\"\" title=\"PRESIDENTE GRADUACI\u00d3N AGENTES 10\" aria-label=\"PRESIDENTE GRADUACI\u00d3N AGENTES 10\" class=\"img-responsive wp-image-109747\" srcset=\"https:\/\/sertv.gob.pa\/nacionalfm\/wp-content\/uploads\/sites\/6\/2025\/07\/PRESIDENTE-GRADUACION-AGENTES-10-200x133.jpeg 200w, https:\/\/sertv.gob.pa\/nacionalfm\/wp-content\/uploads\/sites\/6\/2025\/07\/PRESIDENTE-GRADUACION-AGENTES-10-400x267.jpeg 400w, https:\/\/sertv.gob.pa\/nacionalfm\/wp-content\/uploads\/sites\/6\/2025\/07\/PRESIDENTE-GRADUACION-AGENTES-10.jpeg 600w\" sizes=\"(min-width: 2200px) 100vw, (min-width: 784px) 363px, (min-width: 712px) 545px, (min-width: 640px) 712px, \" \/><\/a><\/div><\/div><div class=\"clearfix\"><\/div><\/div><\/div><\/div><\/div><\/div><\/div>\n","protected":false},"excerpt":{"rendered":"","protected":false},"author":9,"featured_media":109737,"comment_status":"closed","ping_status":"closed","sticky":false,"template":"","format":"standard","meta":{"footnotes":""},"categories":[2],"tags":[],"class_list":["post-109736","post","type-post","status-publish","format-standard","has-post-thumbnail","hentry","category-nacionales"],"_links":{"self":[{"href":"https:\/\/sertv.gob.pa\/nacionalfm\/wp-json\/wp\/v2\/posts\/109736","targetHints":{"allow":["GET"]}}],"collection":[{"href":"https:\/\/sertv.gob.pa\/nacionalfm\/wp-json\/wp\/v2\/posts"}],"about":[{"href":"https:\/\/sertv.gob.pa\/nacionalfm\/wp-json\/wp\/v2\/types\/post"}],"author":[{"embeddable":true,"href":"https:\/\/sertv.gob.pa\/nacionalfm\/wp-json\/wp\/v2\/users\/9"}],"replies":[{"embeddable":true,"href":"https:\/\/sertv.gob.pa\/nacionalfm\/wp-json\/wp\/v2\/comments?post=109736"}],"version-history":[{"count":1,"href":"https:\/\/sertv.gob.pa\/nacionalfm\/wp-json\/wp\/v2\/posts\/109736\/revisions"}],"predecessor-version":[{"id":109748,"href":"https:\/\/sertv.gob.pa\/nacionalfm\/wp-json\/wp\/v2\/posts\/109736\/revisions\/109748"}],"wp:featuredmedia":[{"embeddable":true,"href":"https:\/\/sertv.gob.pa\/nacionalfm\/wp-json\/wp\/v2\/media\/109737"}],"wp:attachment":[{"href":"https:\/\/sertv.gob.pa\/nacionalfm\/wp-json\/wp\/v2\/media?parent=109736"}],"wp:term":[{"taxonomy":"category","embeddable":true,"href":"https:\/\/sertv.gob.pa\/nacionalfm\/wp-json\/wp\/v2\/categories?post=109736"},{"taxonomy":"post_tag","embeddable":true,"href":"https:\/\/sertv.gob.pa\/nacionalfm\/wp-json\/wp\/v2\/tags?post=109736"}],"curies":[{"name":"wp","href":"https:\/\/api.w.org\/{rel}","templated":true}]}}