{"id":109749,"date":"2025-07-08T09:29:41","date_gmt":"2025-07-08T14:29:41","guid":{"rendered":"https:\/\/sertv.gob.pa\/nacionalfm\/?p=109749"},"modified":"2025-07-08T09:29:41","modified_gmt":"2025-07-08T14:29:41","slug":"policia-nacional-de-panama-comienza-el-pago-de-la-prima-de-antiguedad-cumpliendose-este-derecho-establecido-en-la-ley","status":"publish","type":"post","link":"https:\/\/sertv.gob.pa\/nacionalfm\/policia-nacional-de-panama-comienza-el-pago-de-la-prima-de-antiguedad-cumpliendose-este-derecho-establecido-en-la-ley\/","title":{"rendered":"Polic\u00eda Nacional de Panam\u00e1, comienza el pago de la prima de antig\u00fcedad, cumpli\u00e9ndose este derecho establecido en la ley"},"content":{"rendered":"<p><em><strong>La Polic\u00eda Nacional de Panam\u00e1 (PNP), dio inicio a la entrega de los primeros cheques a ex funcionarios, correspondientes al pago de prima de antig\u00fcedad para servidores p\u00fablicos, como lo regula la Ley 241 del 2021.<\/strong><\/em><\/p>\n<p><strong>Es importante resaltar, que este pago, corresponde al primer grupo de 628 ex funcionarios, entre jubilados y servidos p\u00fablicos, que por diferentes razones dejaron de laborar.<\/strong><\/p>\n<p><strong>De igual manera, se mantienen las gestiones del Ministerio de Seguridad y la Polic\u00eda Nacional, para hacer efectivo el pago de los cheques pendientes a otro grupo de ex funcionarios que se beneficiar\u00e1n de este derecho, cumpli\u00e9ndose lo establecido en la ley.<\/strong><\/p>\n<p>&nbsp;<\/p>\n<p>&nbsp;<\/p>\n","protected":false},"excerpt":{"rendered":"<p>La Polic\u00eda Nacional de Panam\u00e1 (PNP), dio inicio a la <a href=\"https:\/\/sertv.gob.pa\/nacionalfm\/policia-nacional-de-panama-comienza-el-pago-de-la-prima-de-antiguedad-cumpliendose-este-derecho-establecido-en-la-ley\/\"> [&#8230;]<\/a><\/p>\n","protected":false},"author":9,"featured_media":109750,"comment_status":"closed","ping_status":"closed","sticky":false,"template":"","format":"standard","meta":{"footnotes":""},"categories":[2],"tags":[],"class_list":["post-109749","post","type-post","status-publish","format-standard","has-post-thumbnail","hentry","category-nacionales"],"_links":{"self":[{"href":"https:\/\/sertv.gob.pa\/nacionalfm\/wp-json\/wp\/v2\/posts\/109749","targetHints":{"allow":["GET"]}}],"collection":[{"href":"https:\/\/sertv.gob.pa\/nacionalfm\/wp-json\/wp\/v2\/posts"}],"about":[{"href":"https:\/\/sertv.gob.pa\/nacionalfm\/wp-json\/wp\/v2\/types\/post"}],"author":[{"embeddable":true,"href":"https:\/\/sertv.gob.pa\/nacionalfm\/wp-json\/wp\/v2\/users\/9"}],"replies":[{"embeddable":true,"href":"https:\/\/sertv.gob.pa\/nacionalfm\/wp-json\/wp\/v2\/comments?post=109749"}],"version-history":[{"count":1,"href":"https:\/\/sertv.gob.pa\/nacionalfm\/wp-json\/wp\/v2\/posts\/109749\/revisions"}],"predecessor-version":[{"id":109751,"href":"https:\/\/sertv.gob.pa\/nacionalfm\/wp-json\/wp\/v2\/posts\/109749\/revisions\/109751"}],"wp:featuredmedia":[{"embeddable":true,"href":"https:\/\/sertv.gob.pa\/nacionalfm\/wp-json\/wp\/v2\/media\/109750"}],"wp:attachment":[{"href":"https:\/\/sertv.gob.pa\/nacionalfm\/wp-json\/wp\/v2\/media?parent=109749"}],"wp:term":[{"taxonomy":"category","embeddable":true,"href":"https:\/\/sertv.gob.pa\/nacionalfm\/wp-json\/wp\/v2\/categories?post=109749"},{"taxonomy":"post_tag","embeddable":true,"href":"https:\/\/sertv.gob.pa\/nacionalfm\/wp-json\/wp\/v2\/tags?post=109749"}],"curies":[{"name":"wp","href":"https:\/\/api.w.org\/{rel}","templated":true}]}}