{"id":109756,"date":"2025-07-08T10:35:37","date_gmt":"2025-07-08T15:35:37","guid":{"rendered":"https:\/\/sertv.gob.pa\/nacionalfm\/?p=109756"},"modified":"2025-07-08T10:35:37","modified_gmt":"2025-07-08T15:35:37","slug":"un-90-de-adelanto-presenta-construccion-del-proyecto-del-mides-la-casa-de-dia-para-personas-mayores-ubicado-en-juan-diaz","status":"publish","type":"post","link":"https:\/\/sertv.gob.pa\/nacionalfm\/un-90-de-adelanto-presenta-construccion-del-proyecto-del-mides-la-casa-de-dia-para-personas-mayores-ubicado-en-juan-diaz\/","title":{"rendered":"Un 90% de adelanto presenta construcci\u00f3n del proyecto del MIDES: \u00bb La Casa de D\u00eda para personas mayores\u00bb, ubicado en Juan D\u00edaz"},"content":{"rendered":"<div class=\"fusion-fullwidth fullwidth-box fusion-builder-row-1 fusion-flex-container has-pattern-background has-mask-background nonhundred-percent-fullwidth non-hundred-percent-height-scrolling\" style=\"--awb-border-radius-top-left:0px;--awb-border-radius-top-right:0px;--awb-border-radius-bottom-right:0px;--awb-border-radius-bottom-left:0px;--awb-flex-wrap:wrap;\" ><div class=\"fusion-builder-row fusion-row fusion-flex-align-items-flex-start fusion-flex-content-wrap\" style=\"max-width:1144px;margin-left: calc(-4% \/ 2 );margin-right: calc(-4% \/ 2 );\"><div class=\"fusion-layout-column fusion_builder_column fusion-builder-column-0 fusion_builder_column_1_1 1_1 fusion-flex-column\" style=\"--awb-bg-size:cover;--awb-width-large:100%;--awb-margin-top-large:0px;--awb-spacing-right-large:1.92%;--awb-margin-bottom-large:20px;--awb-spacing-left-large:1.92%;--awb-width-medium:100%;--awb-order-medium:0;--awb-spacing-right-medium:1.92%;--awb-spacing-left-medium:1.92%;--awb-width-small:100%;--awb-order-small:0;--awb-spacing-right-small:1.92%;--awb-spacing-left-small:1.92%;\"><div class=\"fusion-column-wrapper fusion-column-has-shadow fusion-flex-justify-content-flex-start fusion-content-layout-column\"><div class=\"fusion-text fusion-text-1\" style=\"--awb-content-alignment:justify;\"><ul>\n<li><strong>La Casa de D\u00eda tendr\u00e1 capacidad para atender a 50 personas mayores en una primera etapa, ofreciendo servicios de estimulaci\u00f3n cognitiva, acompa\u00f1amiento emocional y, sobre todo, un trato digno y respetuoso.<\/strong><\/li>\n<li><strong>Este proyecto refleja el compromiso del MIDES con el desarrollo de pol\u00edticas p\u00fablicas inclusivas y con la promoci\u00f3n de un envejecimiento saludable.<\/strong><\/li>\n<\/ul>\n<p><em><strong>La ministra de Desarrollo Social de Panam\u00e1 (MIDES), Beatriz Carles, junto al viceministro Roberto Arosemena, llev\u00f3 a cabo este s\u00e1bado, 5 de julio, un recorrido de inspecci\u00f3n por el proyecto de construcci\u00f3n de la Casa de D\u00eda para personas mayores, ubicada en el corregimiento de Juan D\u00edaz.<\/strong><\/em><\/p>\n<p><strong>Durante la visita, la ministra Carles, pudo confirmar que la obra, ejecutada por la empresa MERCOSUR S.A., muestra un 90\u202f% de avance. El proyecto, que tiene una inversi\u00f3n de B\/. 984,877.95, contempla un \u00e1rea administrativa y comunal, un \u00e1rea de bienestar f\u00edsico y salud, as\u00ed como espacios destinados a talleres y capacitaci\u00f3n.<\/strong><\/p>\n<p><strong>La Casa de D\u00eda, tendr\u00e1 capacidad para atender a 50 personas mayores en una primera etapa, brindando servicios de estimulaci\u00f3n cognitiva, acompa\u00f1amiento emocional y, sobre todo, un trato digno y respetuoso.<\/strong><\/p>\n<p><strong>Entre las facilidades que considera esta obra, se incluyen una sala de enfermer\u00eda, un sal\u00f3n de usos m\u00faltiples, gimnasio, consultorios para atenci\u00f3n individual y talleres de tecnolog\u00eda, costura y otras actividades formativas.<\/strong><\/p>\n<p><strong>\u201cDesde el Ministerio de Desarrollo Social, como ente rector de la pol\u00edtica p\u00fablica a favor de las personas mayores, hemos asumido con paso firme el compromiso de incorporar el envejecimiento saludable y la promoci\u00f3n de los derechos humanos de esta poblaci\u00f3n en nuestra agenda\u201d, destac\u00f3 la ministra Carles.<\/strong><\/p>\n<p><strong>Cabe enfatizar, que este proyecto, refleja el compromiso del MIDES con el desarrollo de pol\u00edticas p\u00fablicas inclusivas y con la promoci\u00f3n de un envejecimiento saludable. La Casa de D\u00eda, representa un modelo de atenci\u00f3n diurna seguro y digno que impulsa la autonom\u00eda, la participaci\u00f3n activa y el bienestar integral de las personas mayores.<\/strong><\/p>\n<\/div><div class=\"awb-gallery-wrapper awb-gallery-wrapper-1 button-span-no\" style=\"--more-btn-alignment:center;\"><div style=\"margin:-5px;--awb-bordersize:0px;\" class=\"fusion-gallery fusion-gallery-container fusion-grid-3 fusion-columns-total-4 fusion-gallery-layout-grid fusion-gallery-1\"><div style=\"padding:5px;\" class=\"fusion-grid-column fusion-gallery-column fusion-gallery-column-3 hover-type-none\"><div class=\"fusion-gallery-image\"><a href=\"https:\/\/sertv.gob.pa\/nacionalfm\/wp-content\/uploads\/sites\/6\/2025\/07\/CASA-DE-DIA-2.jpeg\" rel=\"noreferrer\" data-rel=\"iLightbox[gallery_image_1]\" class=\"fusion-lightbox\" target=\"_self\"><img decoding=\"async\" src=\"https:\/\/sertv.gob.pa\/nacionalfm\/wp-content\/uploads\/sites\/6\/2025\/07\/CASA-DE-DIA-2.jpeg\" width=\"600\" height=\"400\" alt=\"\" title=\"CASA DE D\u00cdA 2\" aria-label=\"CASA DE D\u00cdA 2\" class=\"img-responsive wp-image-109758\" srcset=\"https:\/\/sertv.gob.pa\/nacionalfm\/wp-content\/uploads\/sites\/6\/2025\/07\/CASA-DE-DIA-2-200x133.jpeg 200w, https:\/\/sertv.gob.pa\/nacionalfm\/wp-content\/uploads\/sites\/6\/2025\/07\/CASA-DE-DIA-2-400x267.jpeg 400w, https:\/\/sertv.gob.pa\/nacionalfm\/wp-content\/uploads\/sites\/6\/2025\/07\/CASA-DE-DIA-2.jpeg 600w\" sizes=\"(min-width: 2200px) 100vw, (min-width: 784px) 363px, (min-width: 712px) 545px, (min-width: 640px) 712px, \" \/><\/a><\/div><\/div><div style=\"padding:5px;\" class=\"fusion-grid-column fusion-gallery-column fusion-gallery-column-3 hover-type-none\"><div class=\"fusion-gallery-image\"><a href=\"https:\/\/sertv.gob.pa\/nacionalfm\/wp-content\/uploads\/sites\/6\/2025\/07\/CASA-DE-DIA-3.jpeg\" rel=\"noreferrer\" data-rel=\"iLightbox[gallery_image_1]\" class=\"fusion-lightbox\" target=\"_self\"><img decoding=\"async\" src=\"https:\/\/sertv.gob.pa\/nacionalfm\/wp-content\/uploads\/sites\/6\/2025\/07\/CASA-DE-DIA-3.jpeg\" width=\"600\" height=\"400\" alt=\"\" title=\"CASA DE D\u00cdA 3\" aria-label=\"CASA DE D\u00cdA 3\" class=\"img-responsive wp-image-109759\" srcset=\"https:\/\/sertv.gob.pa\/nacionalfm\/wp-content\/uploads\/sites\/6\/2025\/07\/CASA-DE-DIA-3-200x133.jpeg 200w, https:\/\/sertv.gob.pa\/nacionalfm\/wp-content\/uploads\/sites\/6\/2025\/07\/CASA-DE-DIA-3-400x267.jpeg 400w, https:\/\/sertv.gob.pa\/nacionalfm\/wp-content\/uploads\/sites\/6\/2025\/07\/CASA-DE-DIA-3.jpeg 600w\" sizes=\"(min-width: 2200px) 100vw, (min-width: 784px) 363px, (min-width: 712px) 545px, (min-width: 640px) 712px, \" \/><\/a><\/div><\/div><div style=\"padding:5px;\" class=\"fusion-grid-column fusion-gallery-column fusion-gallery-column-3 hover-type-none\"><div class=\"fusion-gallery-image\"><a href=\"https:\/\/sertv.gob.pa\/nacionalfm\/wp-content\/uploads\/sites\/6\/2025\/07\/CASA-DE-DIA-4.jpeg\" rel=\"noreferrer\" data-rel=\"iLightbox[gallery_image_1]\" class=\"fusion-lightbox\" target=\"_self\"><img decoding=\"async\" src=\"https:\/\/sertv.gob.pa\/nacionalfm\/wp-content\/uploads\/sites\/6\/2025\/07\/CASA-DE-DIA-4.jpeg\" width=\"600\" height=\"400\" alt=\"\" title=\"CASA DE D\u00cdA 4\" aria-label=\"CASA DE D\u00cdA 4\" class=\"img-responsive wp-image-109761\" srcset=\"https:\/\/sertv.gob.pa\/nacionalfm\/wp-content\/uploads\/sites\/6\/2025\/07\/CASA-DE-DIA-4-200x133.jpeg 200w, https:\/\/sertv.gob.pa\/nacionalfm\/wp-content\/uploads\/sites\/6\/2025\/07\/CASA-DE-DIA-4-400x267.jpeg 400w, https:\/\/sertv.gob.pa\/nacionalfm\/wp-content\/uploads\/sites\/6\/2025\/07\/CASA-DE-DIA-4.jpeg 600w\" sizes=\"(min-width: 2200px) 100vw, (min-width: 784px) 363px, (min-width: 712px) 545px, (min-width: 640px) 712px, \" \/><\/a><\/div><\/div><div class=\"clearfix\"><\/div><div style=\"padding:5px;\" class=\"fusion-grid-column fusion-gallery-column fusion-gallery-column-3 hover-type-none\"><div class=\"fusion-gallery-image\"><a href=\"https:\/\/sertv.gob.pa\/nacionalfm\/wp-content\/uploads\/sites\/6\/2025\/07\/CASA-DE-DIA-5.jpeg\" rel=\"noreferrer\" data-rel=\"iLightbox[gallery_image_1]\" class=\"fusion-lightbox\" target=\"_self\"><img decoding=\"async\" src=\"https:\/\/sertv.gob.pa\/nacionalfm\/wp-content\/uploads\/sites\/6\/2025\/07\/CASA-DE-DIA-5.jpeg\" width=\"600\" height=\"400\" alt=\"\" title=\"CASA DE D\u00cdA 5\" aria-label=\"CASA DE D\u00cdA 5\" class=\"img-responsive wp-image-109762\" srcset=\"https:\/\/sertv.gob.pa\/nacionalfm\/wp-content\/uploads\/sites\/6\/2025\/07\/CASA-DE-DIA-5-200x133.jpeg 200w, https:\/\/sertv.gob.pa\/nacionalfm\/wp-content\/uploads\/sites\/6\/2025\/07\/CASA-DE-DIA-5-400x267.jpeg 400w, https:\/\/sertv.gob.pa\/nacionalfm\/wp-content\/uploads\/sites\/6\/2025\/07\/CASA-DE-DIA-5.jpeg 600w\" sizes=\"(min-width: 2200px) 100vw, (min-width: 784px) 363px, (min-width: 712px) 545px, (min-width: 640px) 712px, \" \/><\/a><\/div><\/div><\/div><\/div><\/div><\/div><\/div><\/div>\n","protected":false},"excerpt":{"rendered":"","protected":false},"author":9,"featured_media":109757,"comment_status":"closed","ping_status":"closed","sticky":false,"template":"","format":"standard","meta":{"footnotes":""},"categories":[2],"tags":[],"class_list":["post-109756","post","type-post","status-publish","format-standard","has-post-thumbnail","hentry","category-nacionales"],"_links":{"self":[{"href":"https:\/\/sertv.gob.pa\/nacionalfm\/wp-json\/wp\/v2\/posts\/109756","targetHints":{"allow":["GET"]}}],"collection":[{"href":"https:\/\/sertv.gob.pa\/nacionalfm\/wp-json\/wp\/v2\/posts"}],"about":[{"href":"https:\/\/sertv.gob.pa\/nacionalfm\/wp-json\/wp\/v2\/types\/post"}],"author":[{"embeddable":true,"href":"https:\/\/sertv.gob.pa\/nacionalfm\/wp-json\/wp\/v2\/users\/9"}],"replies":[{"embeddable":true,"href":"https:\/\/sertv.gob.pa\/nacionalfm\/wp-json\/wp\/v2\/comments?post=109756"}],"version-history":[{"count":1,"href":"https:\/\/sertv.gob.pa\/nacionalfm\/wp-json\/wp\/v2\/posts\/109756\/revisions"}],"predecessor-version":[{"id":109763,"href":"https:\/\/sertv.gob.pa\/nacionalfm\/wp-json\/wp\/v2\/posts\/109756\/revisions\/109763"}],"wp:featuredmedia":[{"embeddable":true,"href":"https:\/\/sertv.gob.pa\/nacionalfm\/wp-json\/wp\/v2\/media\/109757"}],"wp:attachment":[{"href":"https:\/\/sertv.gob.pa\/nacionalfm\/wp-json\/wp\/v2\/media?parent=109756"}],"wp:term":[{"taxonomy":"category","embeddable":true,"href":"https:\/\/sertv.gob.pa\/nacionalfm\/wp-json\/wp\/v2\/categories?post=109756"},{"taxonomy":"post_tag","embeddable":true,"href":"https:\/\/sertv.gob.pa\/nacionalfm\/wp-json\/wp\/v2\/tags?post=109756"}],"curies":[{"name":"wp","href":"https:\/\/api.w.org\/{rel}","templated":true}]}}