{"id":109764,"date":"2025-07-08T10:58:13","date_gmt":"2025-07-08T15:58:13","guid":{"rendered":"https:\/\/sertv.gob.pa\/nacionalfm\/?p=109764"},"modified":"2025-07-08T10:58:13","modified_gmt":"2025-07-08T15:58:13","slug":"inician-inscripciones-para-el-concurso-nacional-de-emprendimiento-juvenil-2025","status":"publish","type":"post","link":"https:\/\/sertv.gob.pa\/nacionalfm\/inician-inscripciones-para-el-concurso-nacional-de-emprendimiento-juvenil-2025\/","title":{"rendered":"Inician inscripciones para el \u00abConcurso Nacional de Emprendimiento Juvenil 2025\u00bb"},"content":{"rendered":"<p><em><strong>Con miras a fomentar el esp\u00edritu emprendedor entre estudiantes de duod\u00e9cimo grado de colegios oficiales y particulares, se abri\u00f3 la convocatoria al Concurso Nacional de Emprendimiento Juvenil 2025, una iniciativa que es impulsada por el Ministerio de Educaci\u00f3n de Panam\u00e1 (MEDUCA) y la fundaci\u00f3n Emprendamos.<\/strong><\/em><\/p>\n<p><strong>M\u00e1s all\u00e1 del concurso, que se desarrolla en su tercera versi\u00f3n, con esto, se busca que a trav\u00e9s de los diversos proyectos se pueda fortalecer la innovaci\u00f3n, la creatividad, la integraci\u00f3n de la cultura y la gesti\u00f3n empresarial.<\/strong><\/p>\n<p><strong>Al respecto, el director General de Educaci\u00f3n, Edwin Gord\u00f3n, subray\u00f3 que, esta actividad busca que los estudiantes puedan crear proyectos sostenibles y vinculados al desarrollo de sus comunidades y del pa\u00eds.<\/strong><\/p>\n<p><strong>De igual modo, Mois\u00e9s Cohen, presidente de la fundaci\u00f3n Emprendamos, coincidi\u00f3 que, el certamen, representa una oportunidad para que los estudiantes transformen su entorno y mejoren su calidad de vida.<\/strong><\/p>\n<p><strong>Por su parte, Sebasti\u00e1n Cede\u00f1o, participante del concurso en el a\u00f1o 2024, por la Regi\u00f3n Educativa de Panam\u00e1 Oeste, invit\u00f3 a los alumnos a participar, a creer en sus ideas y aprovechar esta experiencia que les permite acceder al mercado laboral.<\/strong><\/p>\n<p><strong>Cabe recordar, que las inscripciones, dieron inicio este lunes 7 de julio y concluir\u00e1n hasta el 13 de agosto, y los estudiantes interesados, deben acudir a cada Direcci\u00f3n Regional de Educaci\u00f3n, para entregar la documentaci\u00f3n impresa.<\/strong><\/p>\n<p><strong>La final de este concurso, se desarrollar\u00e1 el 30 de octubre, en el Centro Convenciones de la Ciudad del Saber, en el sector de Clayton.<\/strong><\/p>\n","protected":false},"excerpt":{"rendered":"<p>Con miras a fomentar el esp\u00edritu emprendedor entre estudiantes de <a href=\"https:\/\/sertv.gob.pa\/nacionalfm\/inician-inscripciones-para-el-concurso-nacional-de-emprendimiento-juvenil-2025\/\"> [&#8230;]<\/a><\/p>\n","protected":false},"author":9,"featured_media":109765,"comment_status":"closed","ping_status":"closed","sticky":false,"template":"","format":"standard","meta":{"footnotes":""},"categories":[2],"tags":[],"class_list":["post-109764","post","type-post","status-publish","format-standard","has-post-thumbnail","hentry","category-nacionales"],"_links":{"self":[{"href":"https:\/\/sertv.gob.pa\/nacionalfm\/wp-json\/wp\/v2\/posts\/109764","targetHints":{"allow":["GET"]}}],"collection":[{"href":"https:\/\/sertv.gob.pa\/nacionalfm\/wp-json\/wp\/v2\/posts"}],"about":[{"href":"https:\/\/sertv.gob.pa\/nacionalfm\/wp-json\/wp\/v2\/types\/post"}],"author":[{"embeddable":true,"href":"https:\/\/sertv.gob.pa\/nacionalfm\/wp-json\/wp\/v2\/users\/9"}],"replies":[{"embeddable":true,"href":"https:\/\/sertv.gob.pa\/nacionalfm\/wp-json\/wp\/v2\/comments?post=109764"}],"version-history":[{"count":2,"href":"https:\/\/sertv.gob.pa\/nacionalfm\/wp-json\/wp\/v2\/posts\/109764\/revisions"}],"predecessor-version":[{"id":109767,"href":"https:\/\/sertv.gob.pa\/nacionalfm\/wp-json\/wp\/v2\/posts\/109764\/revisions\/109767"}],"wp:featuredmedia":[{"embeddable":true,"href":"https:\/\/sertv.gob.pa\/nacionalfm\/wp-json\/wp\/v2\/media\/109765"}],"wp:attachment":[{"href":"https:\/\/sertv.gob.pa\/nacionalfm\/wp-json\/wp\/v2\/media?parent=109764"}],"wp:term":[{"taxonomy":"category","embeddable":true,"href":"https:\/\/sertv.gob.pa\/nacionalfm\/wp-json\/wp\/v2\/categories?post=109764"},{"taxonomy":"post_tag","embeddable":true,"href":"https:\/\/sertv.gob.pa\/nacionalfm\/wp-json\/wp\/v2\/tags?post=109764"}],"curies":[{"name":"wp","href":"https:\/\/api.w.org\/{rel}","templated":true}]}}