{"id":109768,"date":"2025-07-08T11:19:34","date_gmt":"2025-07-08T16:19:34","guid":{"rendered":"https:\/\/sertv.gob.pa\/nacionalfm\/?p=109768"},"modified":"2025-07-08T11:19:34","modified_gmt":"2025-07-08T16:19:34","slug":"viceministra-de-asuntos-indigenas-y-autoridades-naso-se-reunen-y-tratan-temas-fundamentales-de-la-comarca","status":"publish","type":"post","link":"https:\/\/sertv.gob.pa\/nacionalfm\/viceministra-de-asuntos-indigenas-y-autoridades-naso-se-reunen-y-tratan-temas-fundamentales-de-la-comarca\/","title":{"rendered":"Viceministra de Asuntos Ind\u00edgenas y autoridades naso, se re\u00fanen y tratan temas fundamentales de la comarca"},"content":{"rendered":"<p><em><strong>La viceministra de Asuntos Ind\u00edgenas, Doris Bill F\u00e1brega se reuni\u00f3 con el rey Naso, Ardinteo Santana y los representantes del Consejo Naso Tj\u00ebr Di, con quienes abord\u00f3 temas fundamentales para las autoridades comarcales, concernientes a los l\u00edmites de la comarca y la Carta Org\u00e1nica que ser\u00e1 presentada al presidente de la Rep\u00fablica de Panam\u00e1, Jos\u00e9 Ra\u00fal Mulino.<\/strong><\/em><\/p>\n<p><strong>El presidente del Consejo General Naso, Constancio Victoriano Santana, solicit\u00f3 que, se reinstale la mesa de la Comisi\u00f3n de L\u00edmites que ven\u00eda trabajando en la delimitaci\u00f3n de los l\u00edmites comarcales, adem\u00e1s de abordar el conflicto de invasi\u00f3n de tierras que tambi\u00e9n ha sido expuesto ante el Ministerio de Ambiente.<\/strong><\/p>\n<p><strong>Adem\u00e1s, inst\u00f3 al Viceministerio de Asuntos Ind\u00edgenas, a retomar los temas pendientes y ver como desde esa cartera, se le puede dar atenci\u00f3n a los diversos temas planteados.<\/strong><\/p>\n<p><strong>Sobre el particular, la viceministra Bill, manifest\u00f3 que, a estos temas se les ha estado dando seguimiento, pero hubo factores que hicieron que el pa\u00eds quedara en pausa y debilitaron el avance en temas como: la verificaci\u00f3n de los l\u00edmites. \u201cEstamos para buscar soluciones y respuestas en la medida que est\u00e9 en nuestras manos\u201d, a\u00f1adi\u00f3.<\/strong><\/p>\n<p><strong>En lo referente al documento de reglamentaci\u00f3n de la Carta Org\u00e1nica, la viceministra, se\u00f1al\u00f3 que, el equipo del Viceministerio se reunir\u00e1 pr\u00f3ximamente con las autoridades naso para la revisi\u00f3n del mismo.<\/strong><\/p>\n","protected":false},"excerpt":{"rendered":"<p>La viceministra de Asuntos Ind\u00edgenas, Doris Bill F\u00e1brega se reuni\u00f3 <a href=\"https:\/\/sertv.gob.pa\/nacionalfm\/viceministra-de-asuntos-indigenas-y-autoridades-naso-se-reunen-y-tratan-temas-fundamentales-de-la-comarca\/\"> [&#8230;]<\/a><\/p>\n","protected":false},"author":9,"featured_media":109769,"comment_status":"closed","ping_status":"closed","sticky":false,"template":"","format":"standard","meta":{"footnotes":""},"categories":[2],"tags":[],"class_list":["post-109768","post","type-post","status-publish","format-standard","has-post-thumbnail","hentry","category-nacionales"],"_links":{"self":[{"href":"https:\/\/sertv.gob.pa\/nacionalfm\/wp-json\/wp\/v2\/posts\/109768","targetHints":{"allow":["GET"]}}],"collection":[{"href":"https:\/\/sertv.gob.pa\/nacionalfm\/wp-json\/wp\/v2\/posts"}],"about":[{"href":"https:\/\/sertv.gob.pa\/nacionalfm\/wp-json\/wp\/v2\/types\/post"}],"author":[{"embeddable":true,"href":"https:\/\/sertv.gob.pa\/nacionalfm\/wp-json\/wp\/v2\/users\/9"}],"replies":[{"embeddable":true,"href":"https:\/\/sertv.gob.pa\/nacionalfm\/wp-json\/wp\/v2\/comments?post=109768"}],"version-history":[{"count":1,"href":"https:\/\/sertv.gob.pa\/nacionalfm\/wp-json\/wp\/v2\/posts\/109768\/revisions"}],"predecessor-version":[{"id":109770,"href":"https:\/\/sertv.gob.pa\/nacionalfm\/wp-json\/wp\/v2\/posts\/109768\/revisions\/109770"}],"wp:featuredmedia":[{"embeddable":true,"href":"https:\/\/sertv.gob.pa\/nacionalfm\/wp-json\/wp\/v2\/media\/109769"}],"wp:attachment":[{"href":"https:\/\/sertv.gob.pa\/nacionalfm\/wp-json\/wp\/v2\/media?parent=109768"}],"wp:term":[{"taxonomy":"category","embeddable":true,"href":"https:\/\/sertv.gob.pa\/nacionalfm\/wp-json\/wp\/v2\/categories?post=109768"},{"taxonomy":"post_tag","embeddable":true,"href":"https:\/\/sertv.gob.pa\/nacionalfm\/wp-json\/wp\/v2\/tags?post=109768"}],"curies":[{"name":"wp","href":"https:\/\/api.w.org\/{rel}","templated":true}]}}