{"id":109792,"date":"2025-07-08T14:30:29","date_gmt":"2025-07-08T19:30:29","guid":{"rendered":"https:\/\/sertv.gob.pa\/nacionalfm\/?p=109792"},"modified":"2025-07-08T14:30:29","modified_gmt":"2025-07-08T19:30:29","slug":"zona-libre-de-colon-da-pasos-firmes-en-su-lucha-de-prevencion-del-financiamiento-de-la-proliferacion-de-armas-de-destruccion-masiva","status":"publish","type":"post","link":"https:\/\/sertv.gob.pa\/nacionalfm\/zona-libre-de-colon-da-pasos-firmes-en-su-lucha-de-prevencion-del-financiamiento-de-la-proliferacion-de-armas-de-destruccion-masiva\/","title":{"rendered":"Zona Libre de Col\u00f3n da pasos firmes en su lucha de prevenci\u00f3n del financiamiento de la proliferaci\u00f3n de armas de destrucci\u00f3n masiva"},"content":{"rendered":"<p><em><strong>En el marco del proceso de Evaluaci\u00f3n Nacional de Riesgo, la Zona Libre de Col\u00f3n (ZLC), da pasos firmes con la participaci\u00f3n en una reuni\u00f3n t\u00e9cnica clave, centrada en la prevenci\u00f3n del financiamiento de la proliferaci\u00f3n de armas de destrucci\u00f3n masiva (ADM). Esta acci\u00f3n, est\u00e1 alineada al compromiso de este sector comercial con los est\u00e1ndares internacionales en la prevenci\u00f3n de delitos financieros, incluyendo el Blanqueo de Capitales (BC), el Financiamiento del Terrorismo (FT) y la mencionada proliferaci\u00f3n de armas.<\/strong><\/em><\/p>\n<p><strong>Durante la reuni\u00f3n, en la cual particip\u00f3 el Subgerente General Javier Grimaldo, se abordaron aspectos t\u00e9cnicos fundamentales con el fin de fortalecer las capacidades institucionales de los funcionarios de la Zona Libre.<\/strong><\/p>\n<p><strong>En este sentido, el subgerente Grimaldo, consider\u00f3 esta reuni\u00f3n como un paso firme hacia una Zona Libre m\u00e1s resiliente y a\u00f1adi\u00f3 que:<\/strong><\/p>\n<p><strong>\u201cLa formaci\u00f3n recibida se extender\u00e1 tambi\u00e9n a los usuarios del sector el pr\u00f3ximo 17 de julio de 2025, para alinear esfuerzos bajo el marco de la Ley 23, asegurando que todos los actores est\u00e9n comprometidos con la prevenci\u00f3n del blanqueo de capitales y la proliferaci\u00f3n de ADM.\u201d<\/strong><\/p>\n<p><strong>Por parte del Ministerio de Econom\u00eda y Finanzas, Giuseppina Caterina, analista de Relaciones Internacionales, destac\u00f3 la importancia de aplicar estrategias que fortalezcan tanto el sistema financiero como el no financiero, mediante medidas preventivas eficaces.<\/strong><\/p>\n<p><strong>Actualmente, la administraci\u00f3n de la Zona Libre de Col\u00f3n (ZLC), forma parte de la Mesa de Trabajo para la Evaluaci\u00f3n Nacional de Riesgo, en la que convergen entidades supervisoras y organismos gubernamentales para garantizar un enfoque integral frente a los riesgos emergentes.<\/strong><\/p>\n<p><strong>La participaci\u00f3n de la Zona Libre de Col\u00f3n (ZLC), es una de las iniciativas que en 365 d\u00edas de gobierno, no solo fortalece su marco normativo e institucional, sino que tambi\u00e9n, proyecta confianza y transparencia a nivel nacional e internacional, elementos esenciales para la competitividad del sector como motor econ\u00f3mico y actor clave en la seguridad global.<\/strong><\/p>\n","protected":false},"excerpt":{"rendered":"<p>En el marco del proceso de Evaluaci\u00f3n Nacional de Riesgo, <a href=\"https:\/\/sertv.gob.pa\/nacionalfm\/zona-libre-de-colon-da-pasos-firmes-en-su-lucha-de-prevencion-del-financiamiento-de-la-proliferacion-de-armas-de-destruccion-masiva\/\"> [&#8230;]<\/a><\/p>\n","protected":false},"author":9,"featured_media":109793,"comment_status":"closed","ping_status":"closed","sticky":false,"template":"","format":"standard","meta":{"footnotes":""},"categories":[2],"tags":[],"class_list":["post-109792","post","type-post","status-publish","format-standard","has-post-thumbnail","hentry","category-nacionales"],"_links":{"self":[{"href":"https:\/\/sertv.gob.pa\/nacionalfm\/wp-json\/wp\/v2\/posts\/109792","targetHints":{"allow":["GET"]}}],"collection":[{"href":"https:\/\/sertv.gob.pa\/nacionalfm\/wp-json\/wp\/v2\/posts"}],"about":[{"href":"https:\/\/sertv.gob.pa\/nacionalfm\/wp-json\/wp\/v2\/types\/post"}],"author":[{"embeddable":true,"href":"https:\/\/sertv.gob.pa\/nacionalfm\/wp-json\/wp\/v2\/users\/9"}],"replies":[{"embeddable":true,"href":"https:\/\/sertv.gob.pa\/nacionalfm\/wp-json\/wp\/v2\/comments?post=109792"}],"version-history":[{"count":1,"href":"https:\/\/sertv.gob.pa\/nacionalfm\/wp-json\/wp\/v2\/posts\/109792\/revisions"}],"predecessor-version":[{"id":109794,"href":"https:\/\/sertv.gob.pa\/nacionalfm\/wp-json\/wp\/v2\/posts\/109792\/revisions\/109794"}],"wp:featuredmedia":[{"embeddable":true,"href":"https:\/\/sertv.gob.pa\/nacionalfm\/wp-json\/wp\/v2\/media\/109793"}],"wp:attachment":[{"href":"https:\/\/sertv.gob.pa\/nacionalfm\/wp-json\/wp\/v2\/media?parent=109792"}],"wp:term":[{"taxonomy":"category","embeddable":true,"href":"https:\/\/sertv.gob.pa\/nacionalfm\/wp-json\/wp\/v2\/categories?post=109792"},{"taxonomy":"post_tag","embeddable":true,"href":"https:\/\/sertv.gob.pa\/nacionalfm\/wp-json\/wp\/v2\/tags?post=109792"}],"curies":[{"name":"wp","href":"https:\/\/api.w.org\/{rel}","templated":true}]}}