{"id":109795,"date":"2025-07-09T08:27:09","date_gmt":"2025-07-09T13:27:09","guid":{"rendered":"https:\/\/sertv.gob.pa\/nacionalfm\/?p=109795"},"modified":"2025-07-09T08:27:09","modified_gmt":"2025-07-09T13:27:09","slug":"presidente-de-panama-jose-raul-mulino-en-reunion-con-el-secretario-general-de-oaci-comparte-su-vision-y-planes-para-modernizar-la-aviacion-civil","status":"publish","type":"post","link":"https:\/\/sertv.gob.pa\/nacionalfm\/presidente-de-panama-jose-raul-mulino-en-reunion-con-el-secretario-general-de-oaci-comparte-su-vision-y-planes-para-modernizar-la-aviacion-civil\/","title":{"rendered":"Presidente de Panam\u00e1, Jos\u00e9 Ra\u00fal Mulino, en reuni\u00f3n con el Secretario General de OACI, comparte su visi\u00f3n y planes para modernizar la aviaci\u00f3n civil"},"content":{"rendered":"<div class=\"fusion-fullwidth fullwidth-box fusion-builder-row-1 fusion-flex-container has-pattern-background has-mask-background nonhundred-percent-fullwidth non-hundred-percent-height-scrolling\" style=\"--awb-border-radius-top-left:0px;--awb-border-radius-top-right:0px;--awb-border-radius-bottom-right:0px;--awb-border-radius-bottom-left:0px;--awb-flex-wrap:wrap;\" ><div class=\"fusion-builder-row fusion-row fusion-flex-align-items-flex-start fusion-flex-content-wrap\" style=\"max-width:1144px;margin-left: calc(-4% \/ 2 );margin-right: calc(-4% \/ 2 );\"><div class=\"fusion-layout-column fusion_builder_column fusion-builder-column-0 fusion_builder_column_1_1 1_1 fusion-flex-column\" style=\"--awb-bg-size:cover;--awb-width-large:100%;--awb-margin-top-large:0px;--awb-spacing-right-large:1.92%;--awb-margin-bottom-large:20px;--awb-spacing-left-large:1.92%;--awb-width-medium:100%;--awb-order-medium:0;--awb-spacing-right-medium:1.92%;--awb-spacing-left-medium:1.92%;--awb-width-small:100%;--awb-order-small:0;--awb-spacing-right-small:1.92%;--awb-spacing-left-small:1.92%;\"><div class=\"fusion-column-wrapper fusion-column-has-shadow fusion-flex-justify-content-flex-start fusion-content-layout-column\"><div class=\"fusion-text fusion-text-1\" style=\"--awb-content-alignment:justify;\"><p><em><strong>El presidente de la Rep\u00fablica de Panam\u00e1, Jos\u00e9 Ra\u00fal Mulino, sostuvo una reuni\u00f3n este martes, 8 de julio, con el secretario general de la Organizaci\u00f3n de Aviaci\u00f3n Civil Internacional (OACI), Juan Carlos Salazar, a quien le comparti\u00f3 su visi\u00f3n y planes a fin de mejorar la seguridad y modernizar la aviaci\u00f3n comercial en el pa\u00eds.<\/strong><\/em><\/p>\n<p><strong>Salazar, fue recibido en el Palacio de las Garzas junto al director regional para Sudam\u00e9rica de la OACI, Fabio Rabbani; y Mohamed Khalifa Rahma, director de la Oficina de Transporte A\u00e9reo de la organizaci\u00f3n.<\/strong><\/p>\n<p><strong>Por su parte, el mandatario, estuvo acompa\u00f1ado del director general de la Autoridad de Aeron\u00e1utica Civil (AAC), Rafael B\u00e1rcenas, y el subdirector, Abdel Mart\u00ednez.<\/strong><\/p>\n<p><strong>La seguridad, es una prioridad en los planes del presidente Mulino para los aeropuertos del pa\u00eds. Durante el encuentro, aclar\u00f3 que, Panam\u00e1, ha iniciado una colaboraci\u00f3n junto con Estados Unidos para reinstalar un sistema de reconocimiento facial en el Aeropuerto Internacional de Tocumen.<\/strong><\/p>\n<p><strong>Igualmente, sostuvo que, se trabaja en mejorar la capacidad de respuesta de los aeropuertos del pa\u00eds ante amenazas de ciberseguridad, y en hacer m\u00e1s efectivo el manejo de la seguridad en las terminales de carga.<\/strong><\/p>\n<p><strong>De igual modo, se est\u00e1 en proceso para contratar a una empresa que rehabilite y d\u00e9 mantenimiento a las pistas del Aeropuerto Internacional de Tocumen, y se trabaja para reajustar el sistema de aeronavegaci\u00f3n del aeropuerto de la ciudad de David, Chiriqu\u00ed.<\/strong><\/p>\n<p><strong>En tanto, el director B\u00e1rcenas, especific\u00f3 que, se avanza en la apertura de 62 nuevas plazas para controladores de tr\u00e1fico a\u00e9reo, profesi\u00f3n que el sector aeron\u00e1utico nacional est\u00e1 demandando.<\/strong><\/p>\n<p><strong>B\u00e1rcenas, adem\u00e1s mencion\u00f3 que, se proyecta construir una refiner\u00eda en Col\u00f3n, para convertir el aceite usado en combustible sostenible para aeronaves.<\/strong><\/p>\n<p><strong>El secretario general de la OACI, hizo \u00e9nfasis en que la aviaci\u00f3n comercial, aporta un 14% del producto interno bruto de Panam\u00e1, y a su vez, reconoci\u00f3 la importancia del pa\u00eds en la conectividad a\u00e9rea de las Am\u00e9ricas y el mundo.<\/strong><\/p>\n<p><strong>Manifest\u00f3 que, la OACI, apoyar\u00e1 todas las iniciativas de la administraci\u00f3n Mulino, para asegurar el crecimiento seguro y sostenible de la aviaci\u00f3n civil en Panam\u00e1.<\/strong><\/p>\n<p><strong>\u00abPanam\u00e1, ha tenido un desarrollo reconocido a nivel regional y global como un hub, un centro de conexiones\u00bb, sostuvo Salazar, y agreg\u00f3 que, Panam\u00e1 \u201ctiene muy claro cu\u00e1les son los par\u00e1metros que se deben cumplir para estar alineado a nivel internacional, y la OACI, ha ofrecido todo el apoyo que se requiera para resolver cualquier tema pendiente\u00bb, puntualiz\u00f3.<\/strong><\/p>\n<p><strong>Cabe resaltar, que es la primera vez, que un Secretario General de OACI visita Panam\u00e1, lo cual anticipa una colaboraci\u00f3n a\u00fan m\u00e1s estrecha entre esta organizaci\u00f3n y la Autoridad de Aeron\u00e1utica Civil paname\u00f1a.<\/strong><\/p>\n<\/div><\/div><\/div><\/div><\/div>\n","protected":false},"excerpt":{"rendered":"","protected":false},"author":9,"featured_media":109796,"comment_status":"closed","ping_status":"closed","sticky":false,"template":"","format":"standard","meta":{"footnotes":""},"categories":[2],"tags":[],"class_list":["post-109795","post","type-post","status-publish","format-standard","has-post-thumbnail","hentry","category-nacionales"],"_links":{"self":[{"href":"https:\/\/sertv.gob.pa\/nacionalfm\/wp-json\/wp\/v2\/posts\/109795","targetHints":{"allow":["GET"]}}],"collection":[{"href":"https:\/\/sertv.gob.pa\/nacionalfm\/wp-json\/wp\/v2\/posts"}],"about":[{"href":"https:\/\/sertv.gob.pa\/nacionalfm\/wp-json\/wp\/v2\/types\/post"}],"author":[{"embeddable":true,"href":"https:\/\/sertv.gob.pa\/nacionalfm\/wp-json\/wp\/v2\/users\/9"}],"replies":[{"embeddable":true,"href":"https:\/\/sertv.gob.pa\/nacionalfm\/wp-json\/wp\/v2\/comments?post=109795"}],"version-history":[{"count":2,"href":"https:\/\/sertv.gob.pa\/nacionalfm\/wp-json\/wp\/v2\/posts\/109795\/revisions"}],"predecessor-version":[{"id":109798,"href":"https:\/\/sertv.gob.pa\/nacionalfm\/wp-json\/wp\/v2\/posts\/109795\/revisions\/109798"}],"wp:featuredmedia":[{"embeddable":true,"href":"https:\/\/sertv.gob.pa\/nacionalfm\/wp-json\/wp\/v2\/media\/109796"}],"wp:attachment":[{"href":"https:\/\/sertv.gob.pa\/nacionalfm\/wp-json\/wp\/v2\/media?parent=109795"}],"wp:term":[{"taxonomy":"category","embeddable":true,"href":"https:\/\/sertv.gob.pa\/nacionalfm\/wp-json\/wp\/v2\/categories?post=109795"},{"taxonomy":"post_tag","embeddable":true,"href":"https:\/\/sertv.gob.pa\/nacionalfm\/wp-json\/wp\/v2\/tags?post=109795"}],"curies":[{"name":"wp","href":"https:\/\/api.w.org\/{rel}","templated":true}]}}