{"id":109799,"date":"2025-07-09T09:08:48","date_gmt":"2025-07-09T14:08:48","guid":{"rendered":"https:\/\/sertv.gob.pa\/nacionalfm\/?p=109799"},"modified":"2025-07-09T09:08:48","modified_gmt":"2025-07-09T14:08:48","slug":"equipo-del-idaan-inicia-proceso-para-lograr-desinfeccion-de-red-hidrica-de-tuberias-en-provincias-de-los-santos-y-herrera","status":"publish","type":"post","link":"https:\/\/sertv.gob.pa\/nacionalfm\/equipo-del-idaan-inicia-proceso-para-lograr-desinfeccion-de-red-hidrica-de-tuberias-en-provincias-de-los-santos-y-herrera\/","title":{"rendered":"Equipo del IDAAN: Inicia proceso para lograr desinfecci\u00f3n de red h\u00eddrica de tuber\u00edas, en provincias de Los Santos y Herrera"},"content":{"rendered":"<div class=\"fusion-fullwidth fullwidth-box fusion-builder-row-1 fusion-flex-container has-pattern-background has-mask-background nonhundred-percent-fullwidth non-hundred-percent-height-scrolling\" style=\"--awb-border-radius-top-left:0px;--awb-border-radius-top-right:0px;--awb-border-radius-bottom-right:0px;--awb-border-radius-bottom-left:0px;--awb-flex-wrap:wrap;\" ><div class=\"fusion-builder-row fusion-row fusion-flex-align-items-flex-start fusion-flex-content-wrap\" style=\"max-width:1144px;margin-left: calc(-4% \/ 2 );margin-right: calc(-4% \/ 2 );\"><div class=\"fusion-layout-column fusion_builder_column fusion-builder-column-0 fusion_builder_column_1_1 1_1 fusion-flex-column\" style=\"--awb-bg-size:cover;--awb-width-large:100%;--awb-margin-top-large:0px;--awb-spacing-right-large:1.92%;--awb-margin-bottom-large:20px;--awb-spacing-left-large:1.92%;--awb-width-medium:100%;--awb-order-medium:0;--awb-spacing-right-medium:1.92%;--awb-spacing-left-medium:1.92%;--awb-width-small:100%;--awb-order-small:0;--awb-spacing-right-small:1.92%;--awb-spacing-left-small:1.92%;\"><div class=\"fusion-column-wrapper fusion-column-has-shadow fusion-flex-justify-content-flex-start fusion-content-layout-column\"><div class=\"fusion-text fusion-text-1\" style=\"--awb-content-alignment:justify;\"><p><strong>\u2022 Indicador muestra que los r\u00edos vuelven a su equilibrio.<\/strong><\/p>\n<p><strong>Un proceso que llevar\u00e1 al menos sesenta d\u00edas, para lograr la desinfecci\u00f3n de la red h\u00eddrica que abastece de agua potable a las familias en las provincias de Los Santos y Herrera, anunci\u00f3 este martes, 8 de julio, el director del Instituto de Acueductos y Alcantarillados Nacionales de Panam\u00e1, (IDAAN), Rutilio Villarreal.<\/strong><\/p>\n<p><strong>El Gobierno del presidente de Panam\u00e1, Jos\u00e9 Ra\u00fal Mulino, prioriz\u00f3 atender la situaci\u00f3n que afecta a miles de familias de la regi\u00f3n por la contaminaci\u00f3n del r\u00edo La Villa y sus afluentes, lo cual oblig\u00f3 a suspender la operaci\u00f3n de las plantas potabilizadoras; la situaci\u00f3n ha sido controlada y se da paso al proceso de desinfecci\u00f3n de la red de tuber\u00edas.<\/strong><\/p>\n<p><strong>\u201cEl r\u00edo vuelve a su equilibrio, esto es normal, y empezaremos con el proceso de limpieza de las redes, tanques e infraestructuras. Lo vamos a dividir en etapas, la primera es la instalaci\u00f3n de una serie de v\u00e1lvulas para sectorizar hidr\u00e1ulicamente las redes de la ciudad de Chitr\u00e9, la red de la v\u00eda de Los Santos o Guarar\u00e9\u201d, explic\u00f3 el director.<\/strong><\/p>\n<p><strong>El proceso, consiste en ir desinfectando la red a trav\u00e9s de v\u00e1lvulas que a\u00edslen por sectores y habilitar la distribuci\u00f3n del agua a los hogares, con el fin de reducir los efectos y no dejar sin el l\u00edquido durante el periodo que tome la adecuaci\u00f3n. Este proceso de mejora conlleva, adem\u00e1s, la priorizaci\u00f3n, a trav\u00e9s del Plan de Emergencia, del proyecto de modernizaci\u00f3n y readecuaci\u00f3n de la Planta Potabilizadora Rufina Alfaro, as\u00ed como mejorar el sistema de bombeo en la toma de agua.<\/strong><\/p>\n<p><strong>Por otro lado, Villarreal, revel\u00f3 los costos para atender la crisis, con una inversi\u00f3n, en Los Santos, de B\/.14.6 millones, en tanto que, en Herrera, B\/.4.3 millones, y B\/.583 mil en desinfecci\u00f3n, totalizando unos B\/.19 millones entre ambas provincias.<\/strong><\/p>\n<p><strong>En lo referente a las condiciones del agua en el r\u00edo, en los \u00faltimos siete d\u00edas, han ido mejorando al realizar las pruebas, tanto en agua cruda como en la tratada, lo cual es indicativo de mejor\u00eda en la presencia de materia org\u00e1nica en los afluentes; no obstante, se mantienen los controles hasta alcanzar los niveles normales.<\/strong><\/p>\n<\/div><\/div><\/div><\/div><\/div>\n","protected":false},"excerpt":{"rendered":"","protected":false},"author":9,"featured_media":109800,"comment_status":"closed","ping_status":"closed","sticky":false,"template":"","format":"standard","meta":{"footnotes":""},"categories":[2],"tags":[],"class_list":["post-109799","post","type-post","status-publish","format-standard","has-post-thumbnail","hentry","category-nacionales"],"_links":{"self":[{"href":"https:\/\/sertv.gob.pa\/nacionalfm\/wp-json\/wp\/v2\/posts\/109799","targetHints":{"allow":["GET"]}}],"collection":[{"href":"https:\/\/sertv.gob.pa\/nacionalfm\/wp-json\/wp\/v2\/posts"}],"about":[{"href":"https:\/\/sertv.gob.pa\/nacionalfm\/wp-json\/wp\/v2\/types\/post"}],"author":[{"embeddable":true,"href":"https:\/\/sertv.gob.pa\/nacionalfm\/wp-json\/wp\/v2\/users\/9"}],"replies":[{"embeddable":true,"href":"https:\/\/sertv.gob.pa\/nacionalfm\/wp-json\/wp\/v2\/comments?post=109799"}],"version-history":[{"count":1,"href":"https:\/\/sertv.gob.pa\/nacionalfm\/wp-json\/wp\/v2\/posts\/109799\/revisions"}],"predecessor-version":[{"id":109801,"href":"https:\/\/sertv.gob.pa\/nacionalfm\/wp-json\/wp\/v2\/posts\/109799\/revisions\/109801"}],"wp:featuredmedia":[{"embeddable":true,"href":"https:\/\/sertv.gob.pa\/nacionalfm\/wp-json\/wp\/v2\/media\/109800"}],"wp:attachment":[{"href":"https:\/\/sertv.gob.pa\/nacionalfm\/wp-json\/wp\/v2\/media?parent=109799"}],"wp:term":[{"taxonomy":"category","embeddable":true,"href":"https:\/\/sertv.gob.pa\/nacionalfm\/wp-json\/wp\/v2\/categories?post=109799"},{"taxonomy":"post_tag","embeddable":true,"href":"https:\/\/sertv.gob.pa\/nacionalfm\/wp-json\/wp\/v2\/tags?post=109799"}],"curies":[{"name":"wp","href":"https:\/\/api.w.org\/{rel}","templated":true}]}}