{"id":109807,"date":"2025-07-09T09:50:20","date_gmt":"2025-07-09T14:50:20","guid":{"rendered":"https:\/\/sertv.gob.pa\/nacionalfm\/?p=109807"},"modified":"2025-07-09T09:50:20","modified_gmt":"2025-07-09T14:50:20","slug":"panama-sale-de-la-lista-de-la-union-europea","status":"publish","type":"post","link":"https:\/\/sertv.gob.pa\/nacionalfm\/panama-sale-de-la-lista-de-la-union-europea\/","title":{"rendered":"Panam\u00e1 sale de la lista de la Uni\u00f3n Europea"},"content":{"rendered":"<p>El Gobierno de la Rep\u00fablica de Panam\u00e1 informa que, durante la sesi\u00f3n plenaria del Parlamento Europeo en Estrasburgo (Francia), celebrada hoy 9 de julio de 2025, se aprob\u00f3 el Acto Delegado C (2025) 3815 que enmienda el Reglamento Delegado 2016\/1675, retirando a la Rep\u00fablica de Panam\u00e1 de la lista de jurisdicciones de alto riesgo que presentan deficiencias estrat\u00e9gicas en sus reg\u00edmenes nacionales de lucha contra el blanqueo de capitales y la financiaci\u00f3n del terrorismo.<\/p>\n<p>Este resultado obtenido el d\u00eda de hoy, constituye un importante reconocimiento al compromiso y esfuerzo continuo de nuestro pa\u00eds para fortalecer el marco legal y la efectividad en materia de prevenci\u00f3n de blanqueo de capitales y financiamiento del terrorismo, conforme a los m\u00e1s altos est\u00e1ndares internacionales.<\/p>\n<p>Destacamos y agradecemos el trabajo t\u00e9cnico del Ministerio de Econom\u00eda y Finanzas y diplom\u00e1tico realizado por los funcionarios paname\u00f1os, tanto en el \u00e1mbito local como en los foros internacionales, que ha sido clave para alcanzar este objetivo. Esta decisi\u00f3n refleja la confianza de la comunidad internacional en las reformas implementadas y en la capacidad de Panam\u00e1 para garantizar la transparencia y la cooperaci\u00f3n efectiva.<\/p>\n<p><em><strong>Beneficios y ventajas para Panam\u00e1 al salir de la lista:<\/strong><\/em><\/p>\n<ul>\n<li>Fortalecimiento de la reputaci\u00f3n e imagen internacional del pa\u00eds.<\/li>\n<li>Mayor confianza de los inversionistas extranjeros y mejora en el clima de negocios.<\/li>\n<li>Facilidades para realizar transacciones financieras y comerciales con entidades europeas, sin medidas adicionales de diligencia reforzada, lo que se traduce en agilidad corporativa.<\/li>\n<li>Impulso a la competitividad de nuestro centro financiero y log\u00edstico.<\/li>\n<li>Facilitaci\u00f3n de importaciones y exportaciones, fortaleciendo el comercio y econom\u00eda del pa\u00eds.<\/li>\n<li>Reiteramos nuestro firme compromiso de continuar implementando medidas que consoliden a Panam\u00e1 como una jurisdicci\u00f3n responsable, transparente y alineada con los est\u00e1ndares globales.<\/li>\n<\/ul>\n<p>Panam\u00e1, 9 de julio de 2025.<\/p>\n","protected":false},"excerpt":{"rendered":"<p>El Gobierno de la Rep\u00fablica de Panam\u00e1 informa que, durante <a href=\"https:\/\/sertv.gob.pa\/nacionalfm\/panama-sale-de-la-lista-de-la-union-europea\/\"> [&#8230;]<\/a><\/p>\n","protected":false},"author":9,"featured_media":109808,"comment_status":"closed","ping_status":"closed","sticky":false,"template":"","format":"standard","meta":{"footnotes":""},"categories":[2],"tags":[],"class_list":["post-109807","post","type-post","status-publish","format-standard","has-post-thumbnail","hentry","category-nacionales"],"_links":{"self":[{"href":"https:\/\/sertv.gob.pa\/nacionalfm\/wp-json\/wp\/v2\/posts\/109807","targetHints":{"allow":["GET"]}}],"collection":[{"href":"https:\/\/sertv.gob.pa\/nacionalfm\/wp-json\/wp\/v2\/posts"}],"about":[{"href":"https:\/\/sertv.gob.pa\/nacionalfm\/wp-json\/wp\/v2\/types\/post"}],"author":[{"embeddable":true,"href":"https:\/\/sertv.gob.pa\/nacionalfm\/wp-json\/wp\/v2\/users\/9"}],"replies":[{"embeddable":true,"href":"https:\/\/sertv.gob.pa\/nacionalfm\/wp-json\/wp\/v2\/comments?post=109807"}],"version-history":[{"count":1,"href":"https:\/\/sertv.gob.pa\/nacionalfm\/wp-json\/wp\/v2\/posts\/109807\/revisions"}],"predecessor-version":[{"id":109809,"href":"https:\/\/sertv.gob.pa\/nacionalfm\/wp-json\/wp\/v2\/posts\/109807\/revisions\/109809"}],"wp:featuredmedia":[{"embeddable":true,"href":"https:\/\/sertv.gob.pa\/nacionalfm\/wp-json\/wp\/v2\/media\/109808"}],"wp:attachment":[{"href":"https:\/\/sertv.gob.pa\/nacionalfm\/wp-json\/wp\/v2\/media?parent=109807"}],"wp:term":[{"taxonomy":"category","embeddable":true,"href":"https:\/\/sertv.gob.pa\/nacionalfm\/wp-json\/wp\/v2\/categories?post=109807"},{"taxonomy":"post_tag","embeddable":true,"href":"https:\/\/sertv.gob.pa\/nacionalfm\/wp-json\/wp\/v2\/tags?post=109807"}],"curies":[{"name":"wp","href":"https:\/\/api.w.org\/{rel}","templated":true}]}}