{"id":109826,"date":"2025-07-09T13:55:51","date_gmt":"2025-07-09T18:55:51","guid":{"rendered":"https:\/\/sertv.gob.pa\/nacionalfm\/?p=109826"},"modified":"2025-07-10T08:04:40","modified_gmt":"2025-07-10T13:04:40","slug":"presidente-mulino-enfocado-en-beneficiar-al-paciente-entrega-a-coclesanos-nuevo-centro-de-salud-de-rio-hato","status":"publish","type":"post","link":"https:\/\/sertv.gob.pa\/nacionalfm\/presidente-mulino-enfocado-en-beneficiar-al-paciente-entrega-a-coclesanos-nuevo-centro-de-salud-de-rio-hato\/","title":{"rendered":"Presidente Mulino, enfocado en beneficiar al paciente, entrega a coclesanos nuevo Centro de Salud de R\u00edo Hato"},"content":{"rendered":"<div class=\"fusion-fullwidth fullwidth-box fusion-builder-row-1 fusion-flex-container has-pattern-background has-mask-background nonhundred-percent-fullwidth non-hundred-percent-height-scrolling\" style=\"--awb-border-radius-top-left:0px;--awb-border-radius-top-right:0px;--awb-border-radius-bottom-right:0px;--awb-border-radius-bottom-left:0px;--awb-flex-wrap:wrap;\" ><div class=\"fusion-builder-row fusion-row fusion-flex-align-items-flex-start fusion-flex-content-wrap\" style=\"max-width:1144px;margin-left: calc(-4% \/ 2 );margin-right: calc(-4% \/ 2 );\"><div class=\"fusion-layout-column fusion_builder_column fusion-builder-column-0 fusion_builder_column_1_1 1_1 fusion-flex-column\" style=\"--awb-bg-size:cover;--awb-width-large:100%;--awb-margin-top-large:0px;--awb-spacing-right-large:1.92%;--awb-margin-bottom-large:20px;--awb-spacing-left-large:1.92%;--awb-width-medium:100%;--awb-order-medium:0;--awb-spacing-right-medium:1.92%;--awb-spacing-left-medium:1.92%;--awb-width-small:100%;--awb-order-small:0;--awb-spacing-right-small:1.92%;--awb-spacing-left-small:1.92%;\"><div class=\"fusion-column-wrapper fusion-column-has-shadow fusion-flex-justify-content-flex-start fusion-content-layout-column\"><div class=\"fusion-text fusion-text-1\" style=\"--awb-content-alignment:justify;\"><p><em><strong>En un significativo acto que hace honor a su pol\u00edtica de salud p\u00fablica, la cual muestra en certeza, su deseo de poner al paciente primero, el presidente de la Rep\u00fablica de Panam\u00e1, Jos\u00e9 Ra\u00fal Mulino, entreg\u00f3 este mi\u00e9rcoles, 9 de julio, el nuevo Centro de Salud de R\u00edo Hato, una obra de m\u00e1s de B\/.15 millones que desde a partir de hoy, beneficia a 17,773 personas en diversas comunidades de la provincia de Cocl\u00e9.<\/strong><\/em><\/p>\n<p><strong>El Centro de Salud de R\u00edo Hato, operar\u00e1 de 7:00 a.m. a 3:00 p.m., con servicios de consulta externa, odontolog\u00eda, farmacia, enfermer\u00eda, registros m\u00e9dicos, peso y talla, trabajo social, laboratorio, ginecolog\u00eda, pediatr\u00eda, nutrici\u00f3n, estimulaci\u00f3n temprana, salud mental, m\u00e9dico familiar y unidad port\u00e1til de rayos X.<\/strong><\/p>\n<p><strong>Estos servicios, estar\u00e1n ahora a corta distancia tanto para los pobladores del corregimiento de R\u00edo Hato como para los de San Carlos, Chame, Gorgona, Playa Blanca y Buenaventura.<\/strong><\/p>\n<p><strong>\u00abTambi\u00e9n representa una ventaja adicional para los turistas que vienen a disfrutar de esta regi\u00f3n tan bonita\u00bb, manifest\u00f3, el presidente Mulino.<\/strong><\/p>\n<p><strong>\u00abEste es un avance para una regi\u00f3n que carec\u00eda desde hace d\u00e9cadas, de una instalaci\u00f3n de salud de esta magnitud entre San Carlos y Penonom\u00e9, lo que generaba una demanda acumulada muy importante\u00bb, enfatiz\u00f3.<\/strong><\/p>\n<p><strong>En base a esto, el presidente, dio detalles de diversos proyectos para los coclesanos, establecidos en el Plan Nacional de Inversiones P\u00fablicas 2025-2029.<\/strong><\/p>\n<p><strong>Estos incluyen, el nuevo Hospital Aquilino Tejeira en Penonom\u00e9 (con inversi\u00f3n de B\/.214 millones y beneficio directo para 180 mil personas), centros educativos, viviendas, obras viales, infraestructura deportiva y acceso a zonas productivas.<\/strong><\/p>\n<p><strong>Se pudo conocer adem\u00e1s, que para llevar agua a la poblaci\u00f3n y zonas de producci\u00f3n agr\u00edcola, se trabaja en la perforaci\u00f3n de 15 nuevos pozos.<\/strong><\/p>\n<p><strong>Igualmente, se dar\u00e1 inicio a la rehabilitaci\u00f3n integral de la carretera Panamericana, y se avanza en la incorporaci\u00f3n de vuelos ch\u00e1rter en el aeropuerto de R\u00edo Hato.<\/strong><\/p>\n<p><strong>Por su lado, durante su intervenci\u00f3n, el ministro de Salud de Panam\u00e1, Fernando Boyd Galindo, destac\u00f3 que, el Centro de Salud de R\u00edo Hato \u201ces una prueba viviente de que, con voluntad, decisi\u00f3n, determinaci\u00f3n y transparencia, los recursos p\u00fablicos se pueden traducir en obras reales para el pueblo paname\u00f1o\u201d.<\/strong><\/p>\n<p><strong>Para este significativo evento, el presidente, Jos\u00e9 Ra\u00fal Mulino, estuvo acompa\u00f1ado por la primera dama de la Rep\u00fablica, Maricel Cohen de Mulino; ministros y viceministros de Estado; el gobernador de la provincia de Cocl\u00e9, Irving Gonz\u00e1lez; directores de instituciones; monse\u00f1or Edgardo Cede\u00f1o, obispo de la di\u00f3cesis de Cocl\u00e9; diputados, alcaldes y representantes de la provincia, y miembros de la comunidad.<\/strong><\/p>\n<\/div><div class=\"awb-gallery-wrapper awb-gallery-wrapper-1 button-span-no\" style=\"--more-btn-alignment:center;\"><div style=\"margin:-5px;--awb-bordersize:0px;\" class=\"fusion-gallery fusion-gallery-container fusion-grid-3 fusion-columns-total-7 fusion-gallery-layout-grid fusion-gallery-1\"><div style=\"padding:5px;\" class=\"fusion-grid-column fusion-gallery-column fusion-gallery-column-3 hover-type-none\"><div class=\"fusion-gallery-image\"><a href=\"https:\/\/sertv.gob.pa\/nacionalfm\/wp-content\/uploads\/sites\/6\/2025\/07\/CENTRO-DE-RIO-HATO-2.jpeg\" rel=\"noreferrer\" data-rel=\"iLightbox[gallery_image_1]\" class=\"fusion-lightbox\" target=\"_self\"><img decoding=\"async\" src=\"https:\/\/sertv.gob.pa\/nacionalfm\/wp-content\/uploads\/sites\/6\/2025\/07\/CENTRO-DE-RIO-HATO-2.jpeg\" width=\"600\" height=\"400\" alt=\"\" title=\"CENTRO DE R\u00cdO HATO 2\" aria-label=\"CENTRO DE R\u00cdO HATO 2\" class=\"img-responsive wp-image-109828\" srcset=\"https:\/\/sertv.gob.pa\/nacionalfm\/wp-content\/uploads\/sites\/6\/2025\/07\/CENTRO-DE-RIO-HATO-2-200x133.jpeg 200w, https:\/\/sertv.gob.pa\/nacionalfm\/wp-content\/uploads\/sites\/6\/2025\/07\/CENTRO-DE-RIO-HATO-2-400x267.jpeg 400w, https:\/\/sertv.gob.pa\/nacionalfm\/wp-content\/uploads\/sites\/6\/2025\/07\/CENTRO-DE-RIO-HATO-2.jpeg 600w\" sizes=\"(min-width: 2200px) 100vw, (min-width: 784px) 363px, (min-width: 712px) 545px, (min-width: 640px) 712px, \" \/><\/a><\/div><\/div><div style=\"padding:5px;\" class=\"fusion-grid-column fusion-gallery-column fusion-gallery-column-3 hover-type-none\"><div class=\"fusion-gallery-image\"><a href=\"https:\/\/sertv.gob.pa\/nacionalfm\/wp-content\/uploads\/sites\/6\/2025\/07\/CENTRO-RIO-HATO-3.jpeg\" rel=\"noreferrer\" data-rel=\"iLightbox[gallery_image_1]\" class=\"fusion-lightbox\" target=\"_self\"><img decoding=\"async\" src=\"https:\/\/sertv.gob.pa\/nacionalfm\/wp-content\/uploads\/sites\/6\/2025\/07\/CENTRO-RIO-HATO-3.jpeg\" width=\"400\" height=\"600\" alt=\"\" title=\"CENTRO R\u00cdO HATO 3\" aria-label=\"CENTRO R\u00cdO HATO 3\" class=\"img-responsive wp-image-109829\" srcset=\"https:\/\/sertv.gob.pa\/nacionalfm\/wp-content\/uploads\/sites\/6\/2025\/07\/CENTRO-RIO-HATO-3-200x300.jpeg 200w, https:\/\/sertv.gob.pa\/nacionalfm\/wp-content\/uploads\/sites\/6\/2025\/07\/CENTRO-RIO-HATO-3.jpeg 400w\" sizes=\"(min-width: 2200px) 100vw, (min-width: 784px) 363px, (min-width: 712px) 545px, (min-width: 640px) 712px, \" \/><\/a><\/div><\/div><div style=\"padding:5px;\" class=\"fusion-grid-column fusion-gallery-column fusion-gallery-column-3 hover-type-none\"><div class=\"fusion-gallery-image\"><a href=\"https:\/\/sertv.gob.pa\/nacionalfm\/wp-content\/uploads\/sites\/6\/2025\/07\/CENTRO-RIO-HATO-4.jpeg\" rel=\"noreferrer\" data-rel=\"iLightbox[gallery_image_1]\" class=\"fusion-lightbox\" target=\"_self\"><img decoding=\"async\" src=\"https:\/\/sertv.gob.pa\/nacionalfm\/wp-content\/uploads\/sites\/6\/2025\/07\/CENTRO-RIO-HATO-4.jpeg\" width=\"600\" height=\"400\" alt=\"\" title=\"CENTRO R\u00cdO HATO 4\" aria-label=\"CENTRO R\u00cdO HATO 4\" class=\"img-responsive wp-image-109830\" srcset=\"https:\/\/sertv.gob.pa\/nacionalfm\/wp-content\/uploads\/sites\/6\/2025\/07\/CENTRO-RIO-HATO-4-200x133.jpeg 200w, https:\/\/sertv.gob.pa\/nacionalfm\/wp-content\/uploads\/sites\/6\/2025\/07\/CENTRO-RIO-HATO-4-400x267.jpeg 400w, https:\/\/sertv.gob.pa\/nacionalfm\/wp-content\/uploads\/sites\/6\/2025\/07\/CENTRO-RIO-HATO-4.jpeg 600w\" sizes=\"(min-width: 2200px) 100vw, (min-width: 784px) 363px, (min-width: 712px) 545px, (min-width: 640px) 712px, \" \/><\/a><\/div><\/div><div class=\"clearfix\"><\/div><div style=\"padding:5px;\" class=\"fusion-grid-column fusion-gallery-column fusion-gallery-column-3 hover-type-none\"><div class=\"fusion-gallery-image\"><a href=\"https:\/\/sertv.gob.pa\/nacionalfm\/wp-content\/uploads\/sites\/6\/2025\/07\/CENTRO-RIO-HATO-5.jpeg\" rel=\"noreferrer\" data-rel=\"iLightbox[gallery_image_1]\" class=\"fusion-lightbox\" target=\"_self\"><img decoding=\"async\" src=\"https:\/\/sertv.gob.pa\/nacionalfm\/wp-content\/uploads\/sites\/6\/2025\/07\/CENTRO-RIO-HATO-5.jpeg\" width=\"600\" height=\"400\" alt=\"\" title=\"CENTRO R\u00cdO HATO 5\" aria-label=\"CENTRO R\u00cdO HATO 5\" class=\"img-responsive wp-image-109831\" srcset=\"https:\/\/sertv.gob.pa\/nacionalfm\/wp-content\/uploads\/sites\/6\/2025\/07\/CENTRO-RIO-HATO-5-200x133.jpeg 200w, https:\/\/sertv.gob.pa\/nacionalfm\/wp-content\/uploads\/sites\/6\/2025\/07\/CENTRO-RIO-HATO-5-400x267.jpeg 400w, https:\/\/sertv.gob.pa\/nacionalfm\/wp-content\/uploads\/sites\/6\/2025\/07\/CENTRO-RIO-HATO-5.jpeg 600w\" sizes=\"(min-width: 2200px) 100vw, (min-width: 784px) 363px, (min-width: 712px) 545px, (min-width: 640px) 712px, \" \/><\/a><\/div><\/div><div style=\"padding:5px;\" class=\"fusion-grid-column fusion-gallery-column fusion-gallery-column-3 hover-type-none\"><div class=\"fusion-gallery-image\"><a href=\"https:\/\/sertv.gob.pa\/nacionalfm\/wp-content\/uploads\/sites\/6\/2025\/07\/CENTRO-RIO-HATO-6.jpeg\" rel=\"noreferrer\" data-rel=\"iLightbox[gallery_image_1]\" class=\"fusion-lightbox\" target=\"_self\"><img decoding=\"async\" src=\"https:\/\/sertv.gob.pa\/nacionalfm\/wp-content\/uploads\/sites\/6\/2025\/07\/CENTRO-RIO-HATO-6.jpeg\" width=\"400\" height=\"600\" alt=\"\" title=\"CENTRO R\u00cdO HATO 6\" aria-label=\"CENTRO R\u00cdO HATO 6\" class=\"img-responsive wp-image-109832\" srcset=\"https:\/\/sertv.gob.pa\/nacionalfm\/wp-content\/uploads\/sites\/6\/2025\/07\/CENTRO-RIO-HATO-6-200x300.jpeg 200w, https:\/\/sertv.gob.pa\/nacionalfm\/wp-content\/uploads\/sites\/6\/2025\/07\/CENTRO-RIO-HATO-6.jpeg 400w\" sizes=\"(min-width: 2200px) 100vw, (min-width: 784px) 363px, (min-width: 712px) 545px, (min-width: 640px) 712px, \" \/><\/a><\/div><\/div><div style=\"padding:5px;\" class=\"fusion-grid-column fusion-gallery-column fusion-gallery-column-3 hover-type-none\"><div class=\"fusion-gallery-image\"><a href=\"https:\/\/sertv.gob.pa\/nacionalfm\/wp-content\/uploads\/sites\/6\/2025\/07\/CENTRO-RIO-HATO-7.jpeg\" rel=\"noreferrer\" data-rel=\"iLightbox[gallery_image_1]\" class=\"fusion-lightbox\" target=\"_self\"><img decoding=\"async\" src=\"https:\/\/sertv.gob.pa\/nacionalfm\/wp-content\/uploads\/sites\/6\/2025\/07\/CENTRO-RIO-HATO-7.jpeg\" width=\"600\" height=\"400\" alt=\"\" title=\"CENTRO R\u00cdO HATO 7\" aria-label=\"CENTRO R\u00cdO HATO 7\" class=\"img-responsive wp-image-109833\" srcset=\"https:\/\/sertv.gob.pa\/nacionalfm\/wp-content\/uploads\/sites\/6\/2025\/07\/CENTRO-RIO-HATO-7-200x133.jpeg 200w, https:\/\/sertv.gob.pa\/nacionalfm\/wp-content\/uploads\/sites\/6\/2025\/07\/CENTRO-RIO-HATO-7-400x267.jpeg 400w, https:\/\/sertv.gob.pa\/nacionalfm\/wp-content\/uploads\/sites\/6\/2025\/07\/CENTRO-RIO-HATO-7.jpeg 600w\" sizes=\"(min-width: 2200px) 100vw, (min-width: 784px) 363px, (min-width: 712px) 545px, (min-width: 640px) 712px, \" \/><\/a><\/div><\/div><div class=\"clearfix\"><\/div><div style=\"padding:5px;\" class=\"fusion-grid-column fusion-gallery-column fusion-gallery-column-3 hover-type-none\"><div class=\"fusion-gallery-image\"><a href=\"https:\/\/sertv.gob.pa\/nacionalfm\/wp-content\/uploads\/sites\/6\/2025\/07\/CENTRO-RIO-HATO-8.jpeg\" rel=\"noreferrer\" data-rel=\"iLightbox[gallery_image_1]\" class=\"fusion-lightbox\" target=\"_self\"><img decoding=\"async\" src=\"https:\/\/sertv.gob.pa\/nacionalfm\/wp-content\/uploads\/sites\/6\/2025\/07\/CENTRO-RIO-HATO-8.jpeg\" width=\"600\" height=\"400\" alt=\"\" title=\"CENTRO R\u00cdO HATO 8\" aria-label=\"CENTRO R\u00cdO HATO 8\" class=\"img-responsive wp-image-109834\" srcset=\"https:\/\/sertv.gob.pa\/nacionalfm\/wp-content\/uploads\/sites\/6\/2025\/07\/CENTRO-RIO-HATO-8-200x133.jpeg 200w, https:\/\/sertv.gob.pa\/nacionalfm\/wp-content\/uploads\/sites\/6\/2025\/07\/CENTRO-RIO-HATO-8-400x267.jpeg 400w, https:\/\/sertv.gob.pa\/nacionalfm\/wp-content\/uploads\/sites\/6\/2025\/07\/CENTRO-RIO-HATO-8.jpeg 600w\" sizes=\"(min-width: 2200px) 100vw, (min-width: 784px) 363px, (min-width: 712px) 545px, (min-width: 640px) 712px, \" \/><\/a><\/div><\/div><\/div><\/div><div class=\"awb-gallery-wrapper awb-gallery-wrapper-2 button-span-no\" style=\"--more-btn-alignment:center;\"><div style=\"margin:-5px;--awb-bordersize:0px;\" class=\"fusion-gallery fusion-gallery-container fusion-grid-3 fusion-columns-total-1 fusion-gallery-layout-grid fusion-gallery-2\"><div style=\"padding:5px;\" class=\"fusion-grid-column fusion-gallery-column fusion-gallery-column-3 hover-type-none\"><div class=\"fusion-gallery-image\"><a href=\"https:\/\/sertv.gob.pa\/nacionalfm\/wp-content\/uploads\/sites\/6\/2025\/07\/CENTRO-DE-RIO-HATO-1.jpeg\" rel=\"noreferrer\" data-rel=\"iLightbox[gallery_image_2]\" class=\"fusion-lightbox\" target=\"_self\"><img decoding=\"async\" src=\"https:\/\/sertv.gob.pa\/nacionalfm\/wp-content\/uploads\/sites\/6\/2025\/07\/CENTRO-DE-RIO-HATO-1.jpeg\" width=\"600\" height=\"400\" alt=\"\" title=\"CENTRO DE R\u00cdO HATO 1\" aria-label=\"CENTRO DE R\u00cdO HATO 1\" class=\"img-responsive wp-image-109827\" srcset=\"https:\/\/sertv.gob.pa\/nacionalfm\/wp-content\/uploads\/sites\/6\/2025\/07\/CENTRO-DE-RIO-HATO-1-200x133.jpeg 200w, https:\/\/sertv.gob.pa\/nacionalfm\/wp-content\/uploads\/sites\/6\/2025\/07\/CENTRO-DE-RIO-HATO-1-400x267.jpeg 400w, https:\/\/sertv.gob.pa\/nacionalfm\/wp-content\/uploads\/sites\/6\/2025\/07\/CENTRO-DE-RIO-HATO-1.jpeg 600w\" sizes=\"(min-width: 2200px) 100vw, (min-width: 784px) 363px, (min-width: 712px) 545px, (min-width: 640px) 712px, \" \/><\/a><\/div><\/div><\/div><\/div><\/div><\/div><\/div><\/div>\n","protected":false},"excerpt":{"rendered":"","protected":false},"author":9,"featured_media":109838,"comment_status":"closed","ping_status":"closed","sticky":false,"template":"","format":"standard","meta":{"footnotes":""},"categories":[2],"tags":[],"class_list":["post-109826","post","type-post","status-publish","format-standard","has-post-thumbnail","hentry","category-nacionales"],"_links":{"self":[{"href":"https:\/\/sertv.gob.pa\/nacionalfm\/wp-json\/wp\/v2\/posts\/109826","targetHints":{"allow":["GET"]}}],"collection":[{"href":"https:\/\/sertv.gob.pa\/nacionalfm\/wp-json\/wp\/v2\/posts"}],"about":[{"href":"https:\/\/sertv.gob.pa\/nacionalfm\/wp-json\/wp\/v2\/types\/post"}],"author":[{"embeddable":true,"href":"https:\/\/sertv.gob.pa\/nacionalfm\/wp-json\/wp\/v2\/users\/9"}],"replies":[{"embeddable":true,"href":"https:\/\/sertv.gob.pa\/nacionalfm\/wp-json\/wp\/v2\/comments?post=109826"}],"version-history":[{"count":3,"href":"https:\/\/sertv.gob.pa\/nacionalfm\/wp-json\/wp\/v2\/posts\/109826\/revisions"}],"predecessor-version":[{"id":109839,"href":"https:\/\/sertv.gob.pa\/nacionalfm\/wp-json\/wp\/v2\/posts\/109826\/revisions\/109839"}],"wp:featuredmedia":[{"embeddable":true,"href":"https:\/\/sertv.gob.pa\/nacionalfm\/wp-json\/wp\/v2\/media\/109838"}],"wp:attachment":[{"href":"https:\/\/sertv.gob.pa\/nacionalfm\/wp-json\/wp\/v2\/media?parent=109826"}],"wp:term":[{"taxonomy":"category","embeddable":true,"href":"https:\/\/sertv.gob.pa\/nacionalfm\/wp-json\/wp\/v2\/categories?post=109826"},{"taxonomy":"post_tag","embeddable":true,"href":"https:\/\/sertv.gob.pa\/nacionalfm\/wp-json\/wp\/v2\/tags?post=109826"}],"curies":[{"name":"wp","href":"https:\/\/api.w.org\/{rel}","templated":true}]}}