{"id":109840,"date":"2025-07-10T08:11:44","date_gmt":"2025-07-10T13:11:44","guid":{"rendered":"https:\/\/sertv.gob.pa\/nacionalfm\/?p=109840"},"modified":"2025-07-10T08:11:44","modified_gmt":"2025-07-10T13:11:44","slug":"administracion-del-presidente-jose-raul-mulino-cumplio-su-promesa-de-sacar-a-panama-de-lista-discriminatoria-de-la-union-europea","status":"publish","type":"post","link":"https:\/\/sertv.gob.pa\/nacionalfm\/administracion-del-presidente-jose-raul-mulino-cumplio-su-promesa-de-sacar-a-panama-de-lista-discriminatoria-de-la-union-europea\/","title":{"rendered":"Administraci\u00f3n del presidente, Jos\u00e9 Ra\u00fal Mulino, cumpli\u00f3 su promesa de sacar a Panam\u00e1 de lista discriminatoria de la Uni\u00f3n Europea"},"content":{"rendered":"<p><em><strong>El presidente de la Rep\u00fablica de Panam\u00e1, Jos\u00e9 Ra\u00fal Mulino, exterioriz\u00f3 su complacencia ante la decisi\u00f3n del Parlamento Europeo de sacar a Panam\u00e1, de su lista de jurisdicciones con alto riesgo que presentan deficiencias en la lucha contra el blanqueo de capitales y el financiamiento del terrorismo.<\/strong><\/em><\/p>\n<p><strong>La salida de esta lista discriminatoria \u2014que afectaba el buen nombre de Panam\u00e1 en el escenario internacional y era un obst\u00e1culo para lograr inversiones de empresas procedentes de Europa\u2014 se ha alcanzado gracias a un trabajo de equipo liderado por el presidente Mulino.<\/strong><\/p>\n<p><strong>Es por esto, que este mi\u00e9rcoles, a su llegada a Ant\u00f3n, Cocl\u00e9, para el acto de inauguraci\u00f3n del nuevo Centro de Salud de R\u00edo Hato, el mandatario, felicit\u00f3 a todo su equipo de gobierno, el cual durante meses se involucr\u00f3 en lograr el objetivo.<\/strong><\/p>\n<p><strong>\u00abHoy es un d\u00eda muy especial para todos los paname\u00f1os, que nos sent\u00edamos agraviados por estar en listas injustas. No nos merec\u00edamos esos se\u00f1alamientos y desde el d\u00eda uno de mi gobierno, me propuse la tit\u00e1nica tarea de salir de ellas. Lo logramos con la votaci\u00f3n de hoy\u00bb, sostuvo Mulino en su discurso de inauguraci\u00f3n.<\/strong><\/p>\n<p><strong>\u00abAgradezco a todos los que acompa\u00f1aron esta convicci\u00f3n de hacer justicia con el buen nombre de nuestro pa\u00eds, porque no fue obra solo de este presidente, sino de un equipo de paname\u00f1os de distintos sectores, ideolog\u00edas y pensamientos que antepusimos el inter\u00e9s del pa\u00eds a los temas personales y pol\u00edticos. Una vez m\u00e1s, cuando los paname\u00f1os nos amigamos y buscamos un bien mayor, el pa\u00eds gana\u00bb, agreg\u00f3.<\/strong><\/p>\n<p><strong>\u00abYa nadie nos puede cuestionar sobre estos temas, y ahora hay que hacer un trabajo de mantenimiento, para que nunca m\u00e1s este pa\u00eds, vuelva a quedar, por ninguna raz\u00f3n, metido en estas denigrantes listas\u00bb, reiter\u00f3 ante medios de comunicaci\u00f3n que lo abordaron.<\/strong><\/p>\n<p><strong>Cabe enfatizar, que minutos antes de su llegada a Ant\u00f3n, el presidente, Jos\u00e9 Ra\u00fal Mulino, expres\u00f3 en la red social X, su gratitud a quienes participaron en este logro para el pa\u00eds.<\/strong><\/p>\n<p><strong>\u00abAgradezco y reconozco el trabajo en equipo realizado para salir de lista de blanqueo de la Uni\u00f3n Europea. A los presidentes europeos que ayudaron, a la Presidencia de la Comisi\u00f3n Europea, a l\u00edderes pol\u00edticos europeos que apoyaron, al equipo de Canciller\u00eda dirigida por el canciller Mart\u00ednez Acha y vicecanciller Hoyos, al MEF Ministro Chapman y equipo t\u00e9cnico, al Embajador \u00c1ngel Riera en Bruselas, en fin, todos los que se esforzaron para este logro. Ahora, a seguir trabajando por Panam\u00e1 y a seguir realzando su buen nombre en el mundo. Gracias!!\u00bb, escribi\u00f3.<\/strong><\/p>\n","protected":false},"excerpt":{"rendered":"<p>El presidente de la Rep\u00fablica de Panam\u00e1, Jos\u00e9 Ra\u00fal Mulino, <a href=\"https:\/\/sertv.gob.pa\/nacionalfm\/administracion-del-presidente-jose-raul-mulino-cumplio-su-promesa-de-sacar-a-panama-de-lista-discriminatoria-de-la-union-europea\/\"> [&#8230;]<\/a><\/p>\n","protected":false},"author":9,"featured_media":109841,"comment_status":"closed","ping_status":"closed","sticky":false,"template":"","format":"standard","meta":{"footnotes":""},"categories":[2],"tags":[],"class_list":["post-109840","post","type-post","status-publish","format-standard","has-post-thumbnail","hentry","category-nacionales"],"_links":{"self":[{"href":"https:\/\/sertv.gob.pa\/nacionalfm\/wp-json\/wp\/v2\/posts\/109840","targetHints":{"allow":["GET"]}}],"collection":[{"href":"https:\/\/sertv.gob.pa\/nacionalfm\/wp-json\/wp\/v2\/posts"}],"about":[{"href":"https:\/\/sertv.gob.pa\/nacionalfm\/wp-json\/wp\/v2\/types\/post"}],"author":[{"embeddable":true,"href":"https:\/\/sertv.gob.pa\/nacionalfm\/wp-json\/wp\/v2\/users\/9"}],"replies":[{"embeddable":true,"href":"https:\/\/sertv.gob.pa\/nacionalfm\/wp-json\/wp\/v2\/comments?post=109840"}],"version-history":[{"count":2,"href":"https:\/\/sertv.gob.pa\/nacionalfm\/wp-json\/wp\/v2\/posts\/109840\/revisions"}],"predecessor-version":[{"id":109843,"href":"https:\/\/sertv.gob.pa\/nacionalfm\/wp-json\/wp\/v2\/posts\/109840\/revisions\/109843"}],"wp:featuredmedia":[{"embeddable":true,"href":"https:\/\/sertv.gob.pa\/nacionalfm\/wp-json\/wp\/v2\/media\/109841"}],"wp:attachment":[{"href":"https:\/\/sertv.gob.pa\/nacionalfm\/wp-json\/wp\/v2\/media?parent=109840"}],"wp:term":[{"taxonomy":"category","embeddable":true,"href":"https:\/\/sertv.gob.pa\/nacionalfm\/wp-json\/wp\/v2\/categories?post=109840"},{"taxonomy":"post_tag","embeddable":true,"href":"https:\/\/sertv.gob.pa\/nacionalfm\/wp-json\/wp\/v2\/tags?post=109840"}],"curies":[{"name":"wp","href":"https:\/\/api.w.org\/{rel}","templated":true}]}}