{"id":109844,"date":"2025-07-10T09:29:35","date_gmt":"2025-07-10T14:29:35","guid":{"rendered":"https:\/\/sertv.gob.pa\/nacionalfm\/?p=109844"},"modified":"2025-07-10T09:29:35","modified_gmt":"2025-07-10T14:29:35","slug":"taller-internacional-de-formacion-de-la-unesco-sobre-memoria-del-mundo-se-realiza-en-panama","status":"publish","type":"post","link":"https:\/\/sertv.gob.pa\/nacionalfm\/taller-internacional-de-formacion-de-la-unesco-sobre-memoria-del-mundo-se-realiza-en-panama\/","title":{"rendered":"Taller Internacional de Formaci\u00f3n de la UNESCO sobre Memoria del Mundo, se realiza en Panam\u00e1"},"content":{"rendered":"<p><em><strong>Panam\u00e1, se convierte en la sede del Taller Internacional Memoria del Mundo para Am\u00e9rica Latina y el Caribe de la Organizaci\u00f3n de las Naciones Unidas para la Educaci\u00f3n, la Ciencia y la Cultura (UNESCO), donde representantes de diversos pa\u00edses participan con el prop\u00f3sito de compartir propuestas de documentos hist\u00f3ricos que aspiran a ser reconocidos por parte del Programa Memoria del Mundo de dicha organizaci\u00f3n.<\/strong><\/em><\/p>\n<p><strong>Durante el acto de inauguraci\u00f3n, se di\u00f3 la participaci\u00f3n de la viceministra acad\u00e9mica de Educaci\u00f3n de Panam\u00e1, Agnes de Cotes, en representaci\u00f3n de la ministra de Educaci\u00f3n y presidenta de la Comisi\u00f3n Nacional Paname\u00f1a de Cooperaci\u00f3n con la UNESCO, Lucy Molinar. De Cotes, destac\u00f3 que, Am\u00e9rica Latina y el Caribe, es una regi\u00f3n profundamente marcada por procesos hist\u00f3ricos \u00fanicos y valiosos. Promover, proteger y preservar ese legado documental es una responsabilidad compartida, que hoy asumimos con entusiasmo y convicci\u00f3n.<\/strong><\/p>\n<p><strong>Por su parte, Lee Sun Kyung, directora de la Division of International Cooperation Programme Bureau of Intellectual Solidarity de la UNESCO, manifest\u00f3 que, este programa busca preservar y promover el patrimonio documental mundial, incluyendo archivos, bibliotecas y colecciones de diversa \u00edndole. \u201cEs por ello que estamos interesados en brindarles la debida orientaci\u00f3n para que puedan presentar una candidatura al Registro de la Memoria del Mundo\u201d, se\u00f1al\u00f3.<\/strong><\/p>\n<p><strong>Mientras tanto, Janine Williams, directora del Archivo Nacional, revel\u00f3 que, durante los cuatro d\u00edas del taller, se evaluar\u00e1n las postulaciones que han formalizado los pa\u00edses sobre colecciones que aspiran a ser incluidas en el Programa Memoria del Mundo. \u201cEs una selecci\u00f3n que se realiza cada dos a\u00f1os. La pr\u00f3xima convocatoria, ser\u00e1 en 2027, pero ya est\u00e1n abiertas las postulaciones para que empiecen a trabajar desde ahora\u201d, detall\u00f3.<\/strong><\/p>\n<p><strong>Este evento, se desarrolla bajo los auspicios de la Comisi\u00f3n Nacional Coreana de Cooperaci\u00f3n y la UNESCO.<\/strong><\/p>\n","protected":false},"excerpt":{"rendered":"<p>Panam\u00e1, se convierte en la sede del Taller Internacional Memoria <a href=\"https:\/\/sertv.gob.pa\/nacionalfm\/taller-internacional-de-formacion-de-la-unesco-sobre-memoria-del-mundo-se-realiza-en-panama\/\"> [&#8230;]<\/a><\/p>\n","protected":false},"author":9,"featured_media":109845,"comment_status":"closed","ping_status":"closed","sticky":false,"template":"","format":"standard","meta":{"footnotes":""},"categories":[2],"tags":[],"class_list":["post-109844","post","type-post","status-publish","format-standard","has-post-thumbnail","hentry","category-nacionales"],"_links":{"self":[{"href":"https:\/\/sertv.gob.pa\/nacionalfm\/wp-json\/wp\/v2\/posts\/109844","targetHints":{"allow":["GET"]}}],"collection":[{"href":"https:\/\/sertv.gob.pa\/nacionalfm\/wp-json\/wp\/v2\/posts"}],"about":[{"href":"https:\/\/sertv.gob.pa\/nacionalfm\/wp-json\/wp\/v2\/types\/post"}],"author":[{"embeddable":true,"href":"https:\/\/sertv.gob.pa\/nacionalfm\/wp-json\/wp\/v2\/users\/9"}],"replies":[{"embeddable":true,"href":"https:\/\/sertv.gob.pa\/nacionalfm\/wp-json\/wp\/v2\/comments?post=109844"}],"version-history":[{"count":1,"href":"https:\/\/sertv.gob.pa\/nacionalfm\/wp-json\/wp\/v2\/posts\/109844\/revisions"}],"predecessor-version":[{"id":109846,"href":"https:\/\/sertv.gob.pa\/nacionalfm\/wp-json\/wp\/v2\/posts\/109844\/revisions\/109846"}],"wp:featuredmedia":[{"embeddable":true,"href":"https:\/\/sertv.gob.pa\/nacionalfm\/wp-json\/wp\/v2\/media\/109845"}],"wp:attachment":[{"href":"https:\/\/sertv.gob.pa\/nacionalfm\/wp-json\/wp\/v2\/media?parent=109844"}],"wp:term":[{"taxonomy":"category","embeddable":true,"href":"https:\/\/sertv.gob.pa\/nacionalfm\/wp-json\/wp\/v2\/categories?post=109844"},{"taxonomy":"post_tag","embeddable":true,"href":"https:\/\/sertv.gob.pa\/nacionalfm\/wp-json\/wp\/v2\/tags?post=109844"}],"curies":[{"name":"wp","href":"https:\/\/api.w.org\/{rel}","templated":true}]}}