{"id":109847,"date":"2025-07-10T09:53:35","date_gmt":"2025-07-10T14:53:35","guid":{"rendered":"https:\/\/sertv.gob.pa\/nacionalfm\/?p=109847"},"modified":"2025-07-10T09:53:35","modified_gmt":"2025-07-10T14:53:35","slug":"autoridades-de-relaciones-exteriores-y-la-autoridad-de-turismo-de-panama-suscriben-convenio-de-cooperacion","status":"publish","type":"post","link":"https:\/\/sertv.gob.pa\/nacionalfm\/autoridades-de-relaciones-exteriores-y-la-autoridad-de-turismo-de-panama-suscriben-convenio-de-cooperacion\/","title":{"rendered":"Autoridades de Relaciones Exteriores y la Autoridad de Turismo de Panam\u00e1, suscriben convenio de cooperaci\u00f3n"},"content":{"rendered":"<div class=\"fusion-fullwidth fullwidth-box fusion-builder-row-1 fusion-flex-container has-pattern-background has-mask-background nonhundred-percent-fullwidth non-hundred-percent-height-scrolling\" style=\"--awb-border-radius-top-left:0px;--awb-border-radius-top-right:0px;--awb-border-radius-bottom-right:0px;--awb-border-radius-bottom-left:0px;--awb-flex-wrap:wrap;\" ><div class=\"fusion-builder-row fusion-row fusion-flex-align-items-flex-start fusion-flex-content-wrap\" style=\"max-width:1144px;margin-left: calc(-4% \/ 2 );margin-right: calc(-4% \/ 2 );\"><div class=\"fusion-layout-column fusion_builder_column fusion-builder-column-0 fusion_builder_column_1_1 1_1 fusion-flex-column\" style=\"--awb-bg-size:cover;--awb-width-large:100%;--awb-margin-top-large:0px;--awb-spacing-right-large:1.92%;--awb-margin-bottom-large:20px;--awb-spacing-left-large:1.92%;--awb-width-medium:100%;--awb-order-medium:0;--awb-spacing-right-medium:1.92%;--awb-spacing-left-medium:1.92%;--awb-width-small:100%;--awb-order-small:0;--awb-spacing-right-small:1.92%;--awb-spacing-left-small:1.92%;\"><div class=\"fusion-column-wrapper fusion-column-has-shadow fusion-flex-justify-content-flex-start fusion-content-layout-column\"><div class=\"fusion-text fusion-text-1\" style=\"--awb-content-alignment:justify;\"><p><em><strong>El ministro de Relaciones Exteriores de Panam\u00e1, Javier Mart\u00ednez-Acha V\u00e1squez, y Gloria De Le\u00f3n Zubieta, administradora general de la Autoridad de Turismo de Panam\u00e1 (ATP), suscribieron este mi\u00e9rcoles, 9 de julio, un convenio de cooperaci\u00f3n con miras a establecer mecanismos de coordinaci\u00f3n administrativa y t\u00e9cnica que permitan fortalecer la visibilidad del pa\u00eds.<\/strong><\/em><\/p>\n<p><strong>El prop\u00f3sito es promocionar de manera continuada, los destinos tur\u00edsticos prioritarios, a trav\u00e9s de las embajadas y consulados paname\u00f1os en el exterior, como plataformas claves de comunicaci\u00f3n y conexi\u00f3n con nuevos mercados internacionales.<\/strong><\/p>\n<p><strong>Ese convenio de cooperaci\u00f3n, entre ambas instituciones, ejemplifica el trabajo en equipo, puesto que aprovecha las capacidades, recursos econ\u00f3micos, t\u00e9cnicos y humanos de cada una para consolidar una estrategia com\u00fan en pro de la imagen internacional de Panam\u00e1.<\/strong><\/p>\n<p><strong>Gracias a ese objetivo com\u00fan, las embajadas y consulados, se convertir\u00e1n en canales de comunicaci\u00f3n y conexi\u00f3n con nuevos mercados, con el fin de despertar el inter\u00e9s de los turistas por descubrir y disfrutar la diversidad cultural y natural, as\u00ed como el compromiso con el turismo sostenible y todo lo que Panam\u00e1 tiene para ofrecer.<\/strong><\/p>\n<p><strong>\u00abLa Rep\u00fablica de Panam\u00e1, cuenta con 59 embajadas, 111 consulados y nueve misiones internacionales en todo el mundo. Esta estructura estrat\u00e9gica estar\u00e1 a disposici\u00f3n de la ATP gracias a esta cooperaci\u00f3n interinstitucional, lo que permitir\u00e1 promocionar el pa\u00eds de manera creativa, generar sinergias y optimizar los recursos institucionales para atraer visitantes de todo el mundo\u00bb, resalt\u00f3 el ministro Mart\u00ednez-Acha V\u00e1squez.<\/strong><\/p>\n<p><strong>Esa estrategia se centra en los ocho destinos identificados como prioritario para el desarrollo del sector tur\u00edstico del pa\u00eds: Bocas del Toro, Boquete y Tierras Altas, en Chiriqu\u00ed; Pedas\u00ed, en Los Santos; Santa Catalina, en Veraguas; Taboga, Ciudad de Panam\u00e1, tambi\u00e9n la costa pac\u00edfica, desde Punta Chame hasta Juan Hombr\u00f3n y Portobelo-San Lorenzo.<\/strong><\/p>\n<p><strong>La industria del turismo, aporta en la actualidad, el 11% del producto interno bruto de Panam\u00e1, lo que representa alrededor de $5,000 millones en divisas anualmente, genera 40,000 empleos directos y 100,000 indirectos. Con esas acciones, se busca potenciar esa importante fuente de ingresos y competir con otros destinos tur\u00edsticos de Am\u00e9rica Latina.<\/strong><\/p>\n<p><strong>\u201cEste convenio, nos permitir\u00e1 llevar nuestras campa\u00f1as, im\u00e1genes, v\u00eddeos y mensajes hasta los rincones donde se encuentran esos viajeros que sue\u00f1an con un destino \u00fanico, sostenible y lleno de vida. Van a utilizar las plataformas digitales, las redes sociales y la cercan\u00eda diplom\u00e1tica para posicionar a Panam\u00e1 como lo que es: un pa\u00eds que enamora desde el primer viaje\u00bb, recalc\u00f3 De Le\u00f3n Zubieta.<\/strong><\/p>\n<\/div><\/div><\/div><\/div><\/div>\n","protected":false},"excerpt":{"rendered":"","protected":false},"author":9,"featured_media":109848,"comment_status":"closed","ping_status":"closed","sticky":false,"template":"","format":"standard","meta":{"footnotes":""},"categories":[2],"tags":[],"class_list":["post-109847","post","type-post","status-publish","format-standard","has-post-thumbnail","hentry","category-nacionales"],"_links":{"self":[{"href":"https:\/\/sertv.gob.pa\/nacionalfm\/wp-json\/wp\/v2\/posts\/109847","targetHints":{"allow":["GET"]}}],"collection":[{"href":"https:\/\/sertv.gob.pa\/nacionalfm\/wp-json\/wp\/v2\/posts"}],"about":[{"href":"https:\/\/sertv.gob.pa\/nacionalfm\/wp-json\/wp\/v2\/types\/post"}],"author":[{"embeddable":true,"href":"https:\/\/sertv.gob.pa\/nacionalfm\/wp-json\/wp\/v2\/users\/9"}],"replies":[{"embeddable":true,"href":"https:\/\/sertv.gob.pa\/nacionalfm\/wp-json\/wp\/v2\/comments?post=109847"}],"version-history":[{"count":1,"href":"https:\/\/sertv.gob.pa\/nacionalfm\/wp-json\/wp\/v2\/posts\/109847\/revisions"}],"predecessor-version":[{"id":109849,"href":"https:\/\/sertv.gob.pa\/nacionalfm\/wp-json\/wp\/v2\/posts\/109847\/revisions\/109849"}],"wp:featuredmedia":[{"embeddable":true,"href":"https:\/\/sertv.gob.pa\/nacionalfm\/wp-json\/wp\/v2\/media\/109848"}],"wp:attachment":[{"href":"https:\/\/sertv.gob.pa\/nacionalfm\/wp-json\/wp\/v2\/media?parent=109847"}],"wp:term":[{"taxonomy":"category","embeddable":true,"href":"https:\/\/sertv.gob.pa\/nacionalfm\/wp-json\/wp\/v2\/categories?post=109847"},{"taxonomy":"post_tag","embeddable":true,"href":"https:\/\/sertv.gob.pa\/nacionalfm\/wp-json\/wp\/v2\/tags?post=109847"}],"curies":[{"name":"wp","href":"https:\/\/api.w.org\/{rel}","templated":true}]}}