{"id":109850,"date":"2025-07-10T10:08:04","date_gmt":"2025-07-10T15:08:04","guid":{"rendered":"https:\/\/sertv.gob.pa\/nacionalfm\/?p=109850"},"modified":"2025-07-10T10:08:04","modified_gmt":"2025-07-10T15:08:04","slug":"aduanas-y-bid-se-reunen-y-estrechan-lazos-de-cooperacion-para-avanzar-en-integracion-logistica","status":"publish","type":"post","link":"https:\/\/sertv.gob.pa\/nacionalfm\/aduanas-y-bid-se-reunen-y-estrechan-lazos-de-cooperacion-para-avanzar-en-integracion-logistica\/","title":{"rendered":"Aduanas y BID se re\u00fanen y estrechan lazos de cooperaci\u00f3n para avanzar en integraci\u00f3n log\u00edstica"},"content":{"rendered":"<p><em><strong>Con la finalidad de estrechar los lazos de cooperaci\u00f3n bilateral, la directora general de la Autoridad Nacional de Aduanas de Panam\u00e1 (ANA), Soraya Valdivieso, sostuvo una reuni\u00f3n clave con Fernando Ocampo S\u00e1nchez, Especialista Principal en Integraci\u00f3n y Comercio del Banco Interamericano de Desarrollo (BID).<\/strong><\/em><\/p>\n<p><strong>Durante este cita, ambas partes, trataron temas estrat\u00e9gicos vinculados al Programa de Integraci\u00f3n Log\u00edstica Aduanera (PILA), destacando los avances recientes y los pr\u00f3ximos pasos para optimizar los procesos aduaneros en la regi\u00f3n. La asesora del despacho superior, Ang\u00e9lica Castillo, tambi\u00e9n particip\u00f3 en esta reuni\u00f3n, reforzando el compromiso institucional con este esfuerzo conjunto.<\/strong><\/p>\n<p><strong>Cabe mencionar, que este di\u00e1logo t\u00e9cnico, representa un paso significativo en lo referente hacia una integraci\u00f3n regional m\u00e1s eficiente, segura y moderna, en l\u00ednea con los objetivos de desarrollo e innovaci\u00f3n log\u00edstica impulsados por Panam\u00e1 y el BID, lo cual asegurar\u00e1 la trazabilidad en las rutas fiscales, para la modernizaci\u00f3n de procesos, tecnolog\u00eda, infraestructura y equipos de control fiscal y parafiscal en los tres pasos de la frontera m\u00e1s importantes con Costa Rica; Paso Canoas, Guabito y Rio Sereno.<\/strong><\/p>\n","protected":false},"excerpt":{"rendered":"<p>Con la finalidad de estrechar los lazos de cooperaci\u00f3n bilateral, <a href=\"https:\/\/sertv.gob.pa\/nacionalfm\/aduanas-y-bid-se-reunen-y-estrechan-lazos-de-cooperacion-para-avanzar-en-integracion-logistica\/\"> [&#8230;]<\/a><\/p>\n","protected":false},"author":9,"featured_media":109851,"comment_status":"closed","ping_status":"closed","sticky":false,"template":"","format":"standard","meta":{"footnotes":""},"categories":[2],"tags":[],"class_list":["post-109850","post","type-post","status-publish","format-standard","has-post-thumbnail","hentry","category-nacionales"],"_links":{"self":[{"href":"https:\/\/sertv.gob.pa\/nacionalfm\/wp-json\/wp\/v2\/posts\/109850","targetHints":{"allow":["GET"]}}],"collection":[{"href":"https:\/\/sertv.gob.pa\/nacionalfm\/wp-json\/wp\/v2\/posts"}],"about":[{"href":"https:\/\/sertv.gob.pa\/nacionalfm\/wp-json\/wp\/v2\/types\/post"}],"author":[{"embeddable":true,"href":"https:\/\/sertv.gob.pa\/nacionalfm\/wp-json\/wp\/v2\/users\/9"}],"replies":[{"embeddable":true,"href":"https:\/\/sertv.gob.pa\/nacionalfm\/wp-json\/wp\/v2\/comments?post=109850"}],"version-history":[{"count":2,"href":"https:\/\/sertv.gob.pa\/nacionalfm\/wp-json\/wp\/v2\/posts\/109850\/revisions"}],"predecessor-version":[{"id":109853,"href":"https:\/\/sertv.gob.pa\/nacionalfm\/wp-json\/wp\/v2\/posts\/109850\/revisions\/109853"}],"wp:featuredmedia":[{"embeddable":true,"href":"https:\/\/sertv.gob.pa\/nacionalfm\/wp-json\/wp\/v2\/media\/109851"}],"wp:attachment":[{"href":"https:\/\/sertv.gob.pa\/nacionalfm\/wp-json\/wp\/v2\/media?parent=109850"}],"wp:term":[{"taxonomy":"category","embeddable":true,"href":"https:\/\/sertv.gob.pa\/nacionalfm\/wp-json\/wp\/v2\/categories?post=109850"},{"taxonomy":"post_tag","embeddable":true,"href":"https:\/\/sertv.gob.pa\/nacionalfm\/wp-json\/wp\/v2\/tags?post=109850"}],"curies":[{"name":"wp","href":"https:\/\/api.w.org\/{rel}","templated":true}]}}