{"id":109854,"date":"2025-07-10T10:46:16","date_gmt":"2025-07-10T15:46:16","guid":{"rendered":"https:\/\/sertv.gob.pa\/nacionalfm\/?p=109854"},"modified":"2025-07-10T10:46:16","modified_gmt":"2025-07-10T15:46:16","slug":"representantes-del-pnud-observan-y-destacan-labores-del-plan-libertad-en-beneficio-de-personas-privadas-de-libertad-en-panama","status":"publish","type":"post","link":"https:\/\/sertv.gob.pa\/nacionalfm\/representantes-del-pnud-observan-y-destacan-labores-del-plan-libertad-en-beneficio-de-personas-privadas-de-libertad-en-panama\/","title":{"rendered":"Representantes del PNUD observan y destacan labores del \u00abPlan Libertad\u00bb, en beneficio de personas privadas de libertad, en Panam\u00e1"},"content":{"rendered":"<p><em><strong>Representantes del Programa de las Naciones Unidas para el Desarrollo (PNUD), llevaron a cabo una visita al Casco Antiguo de la ciudad capital para conocer de cerca, las iniciativas de reinserci\u00f3n social que impulsan las autoridades del Ministerio de Gobierno de Panam\u00e1 (MINGOB) a trav\u00e9s del denominado \u00abPlan Libertad\u00bb, creado para beneficio de personas privadas de libertad.<\/strong><\/em><\/p>\n<p><strong>Este recorrido, incluy\u00f3 paradas en el Museo del Palacio de Gobierno, el Arco Chato y el antiguo Ministerio de Cultura, lugares donde los visitantes internacionales, pudieron apreciar tanto el patrimonio cultural del pa\u00eds como el impacto del trabajo que efect\u00faan los privados de libertad en la conservaci\u00f3n de estos espacios.<\/strong><\/p>\n<p><strong>Entre los asistentes destacaron, Andr\u00e9s Montalvo, presidente de la Junta Ejecutiva del PNUD; Lenni Montiel, representante residente del PNUD en Panam\u00e1; Patricia P\u00e9rez Prieto, oficial de gobernabilidad del PNUD; y Silvia Esp\u00edndola, embajadora de Ecuador en Panam\u00e1. Adem\u00e1s, acompa\u00f1aron funcionarios del MINGOB, como Jos\u00e9 Pino Castillero, director de Planificaci\u00f3n y gerente del proyecto con PNUD; Doris Bill F\u00e1brega, viceministra de Asuntos Ind\u00edgenas; Eduardo Mitre, secretario general; y Jorge Torregroza, director del Sistema Penitenciario.<\/strong><\/p>\n<p><strong>Durante esta visita, el gu\u00eda Mustafa Poyser \u2014beneficiario del Plan Libertad\u2014 expuso a los delegados, la historia de las piezas arqueol\u00f3gicas del museo, as\u00ed como aspectos clave de la evoluci\u00f3n hist\u00f3rica y cultural de Panam\u00e1. En el stand del Plan Libertad, los representantes, conocieron productos elaborados por personas privadas de libertad como parte de su proceso de formaci\u00f3n laboral y reintegraci\u00f3n social.<\/strong><\/p>\n<p><strong>Uno de los momentos de m\u00e1s relevantes, fue la visita al Arco Chato, donde los visitantes pudieron observar, las labores de limpieza, jardiner\u00eda y mantenimiento urbano, que ejecutan los privados de libertad, en espacios p\u00fablicos, gracias a una alianza entre el MINGOB y el Ministerio de Cultura.<\/strong><\/p>\n<p><strong>La jornada, finaliz\u00f3 en el Palacio de Gobierno, con el conversatorio \u201cUn paso firme en el camino correcto\u201d, donde se compartieron experiencias de vida, aprendizajes y logros alcanzados por las personas en proceso de rehabilitaci\u00f3n.<\/strong><\/p>\n<p><strong>Jorge Torregroza Sanjur, director general del Sistema Penitenciario, resalt\u00f3 que, el Plan Libertad, busca fomentar la reinserci\u00f3n social efectiva mediante la conmutaci\u00f3n de penas por trabajos comunitarios. \u201cEsto les da una segunda oportunidad, aportando al pa\u00eds con esfuerzo y dignidad\u201d, expres\u00f3.<\/strong><\/p>\n<p><strong>Por otro lado, Andr\u00e9s Montalvo, reconoci\u00f3 el compromiso de Panam\u00e1, con este tipo de iniciativas: \u201cHemos visto c\u00f3mo el PNUD est\u00e1 respaldando estos programas, y c\u00f3mo las personas privadas de libertad est\u00e1n contribuyendo activamente al proceso de transformaci\u00f3n a trav\u00e9s de los proyectos que se ejecutan en beneficio de la comunidad\u201d.<\/strong><\/p>\n","protected":false},"excerpt":{"rendered":"<p>Representantes del Programa de las Naciones Unidas para el Desarrollo <a href=\"https:\/\/sertv.gob.pa\/nacionalfm\/representantes-del-pnud-observan-y-destacan-labores-del-plan-libertad-en-beneficio-de-personas-privadas-de-libertad-en-panama\/\"> [&#8230;]<\/a><\/p>\n","protected":false},"author":9,"featured_media":109856,"comment_status":"closed","ping_status":"closed","sticky":false,"template":"","format":"standard","meta":{"footnotes":""},"categories":[2],"tags":[],"class_list":["post-109854","post","type-post","status-publish","format-standard","has-post-thumbnail","hentry","category-nacionales"],"_links":{"self":[{"href":"https:\/\/sertv.gob.pa\/nacionalfm\/wp-json\/wp\/v2\/posts\/109854","targetHints":{"allow":["GET"]}}],"collection":[{"href":"https:\/\/sertv.gob.pa\/nacionalfm\/wp-json\/wp\/v2\/posts"}],"about":[{"href":"https:\/\/sertv.gob.pa\/nacionalfm\/wp-json\/wp\/v2\/types\/post"}],"author":[{"embeddable":true,"href":"https:\/\/sertv.gob.pa\/nacionalfm\/wp-json\/wp\/v2\/users\/9"}],"replies":[{"embeddable":true,"href":"https:\/\/sertv.gob.pa\/nacionalfm\/wp-json\/wp\/v2\/comments?post=109854"}],"version-history":[{"count":1,"href":"https:\/\/sertv.gob.pa\/nacionalfm\/wp-json\/wp\/v2\/posts\/109854\/revisions"}],"predecessor-version":[{"id":109857,"href":"https:\/\/sertv.gob.pa\/nacionalfm\/wp-json\/wp\/v2\/posts\/109854\/revisions\/109857"}],"wp:featuredmedia":[{"embeddable":true,"href":"https:\/\/sertv.gob.pa\/nacionalfm\/wp-json\/wp\/v2\/media\/109856"}],"wp:attachment":[{"href":"https:\/\/sertv.gob.pa\/nacionalfm\/wp-json\/wp\/v2\/media?parent=109854"}],"wp:term":[{"taxonomy":"category","embeddable":true,"href":"https:\/\/sertv.gob.pa\/nacionalfm\/wp-json\/wp\/v2\/categories?post=109854"},{"taxonomy":"post_tag","embeddable":true,"href":"https:\/\/sertv.gob.pa\/nacionalfm\/wp-json\/wp\/v2\/tags?post=109854"}],"curies":[{"name":"wp","href":"https:\/\/api.w.org\/{rel}","templated":true}]}}