{"id":109858,"date":"2025-07-10T11:28:45","date_gmt":"2025-07-10T16:28:45","guid":{"rendered":"https:\/\/sertv.gob.pa\/nacionalfm\/?p=109858"},"modified":"2025-07-10T11:28:45","modified_gmt":"2025-07-10T16:28:45","slug":"miviot-sostiene-reunion-con-representantes-de-albergues-temporales-en-busca-de-soluciones-de-vivienda-y-mejoras-inmediata","status":"publish","type":"post","link":"https:\/\/sertv.gob.pa\/nacionalfm\/miviot-sostiene-reunion-con-representantes-de-albergues-temporales-en-busca-de-soluciones-de-vivienda-y-mejoras-inmediata\/","title":{"rendered":"MIVIOT sostiene reuni\u00f3n con representantes de albergues temporales en busca de soluciones de vivienda y mejoras inmediata"},"content":{"rendered":"<p><em><strong>Con el prop\u00f3sito de discutir la construcci\u00f3n de un proyecto habitacional que beneficie en forma directa a los residentes de los albergues temporales Amanecer, Anochecer y Datsun, y evaluar la necesidad de reparaciones urgentes en sus instalaciones actuales, autoridades del Ministerio de Vivienda y Ordenamiento Territorial de Panam\u00e1 (MIVIOT), efectuaron una reuni\u00f3n con representantes de estas comunidades.<\/strong><\/em><\/p>\n<p><strong>Durante la misma, los moradores, solicitaron al viceministro M\u00e9ndez, una visita directa al sitio para que estas autoridades, puediesen constatar de primera mano, la situaci\u00f3n en la cual se encuentran en la actualidad los albergues y el \u00e1rea. El viceministro, acept\u00f3 realizar dicha visita en conjunto con autoridades locales, incluyendo al representante de corregimiento y al diputado del circuito, subrayando el enfoque colaborativo para hallar soluciones.<\/strong><\/p>\n<p><strong>Para esta reuni\u00f3n, se cont\u00f3 con la presencia de Fernando M\u00e9ndez, viceministro de Vivienda del MIVIOT; Guillermo Leblanc, director Nacional de Desarrollo Social; Ricardo Garc\u00eda, jefe de la Oficina de Mitigaci\u00f3n y Prevenci\u00f3n de Riesgos; e Ignacio S\u00e1nchez, coordinador Nacional de Proyectos del Miviot (CONAPRO). Por parte de la comunidad, estuvo presente, Isamara Asprilla, junto a otras moradoras del \u00e1rea, quienes dieron a conocer sus preocupaciones y propuestas.<\/strong><\/p>\n<p><strong>Como resultado de este encuentro, se propuso una pr\u00f3xima reuni\u00f3n entre el personal del MIVIOT y los moradores, en un plazo de un mes o mes y medio. Para esta futura cita, el viceministro, solicit\u00f3 a los residentes recolectar las firmas de los moradores interesados en el proyecto de vivienda. En esta reuni\u00f3n, el Ministerio, presentar\u00e1 soluciones de vivienda, tomando en consideraci\u00f3n, las limitaciones presupuestarias existentes, pero manteniendo el firme compromiso, de buscar soluciones habitacionales dignas y permanentes para estas familias.<\/strong><\/p>\n","protected":false},"excerpt":{"rendered":"<p>Con el prop\u00f3sito de discutir la construcci\u00f3n de un proyecto <a href=\"https:\/\/sertv.gob.pa\/nacionalfm\/miviot-sostiene-reunion-con-representantes-de-albergues-temporales-en-busca-de-soluciones-de-vivienda-y-mejoras-inmediata\/\"> [&#8230;]<\/a><\/p>\n","protected":false},"author":9,"featured_media":109859,"comment_status":"closed","ping_status":"closed","sticky":false,"template":"","format":"standard","meta":{"footnotes":""},"categories":[2],"tags":[],"class_list":["post-109858","post","type-post","status-publish","format-standard","has-post-thumbnail","hentry","category-nacionales"],"_links":{"self":[{"href":"https:\/\/sertv.gob.pa\/nacionalfm\/wp-json\/wp\/v2\/posts\/109858","targetHints":{"allow":["GET"]}}],"collection":[{"href":"https:\/\/sertv.gob.pa\/nacionalfm\/wp-json\/wp\/v2\/posts"}],"about":[{"href":"https:\/\/sertv.gob.pa\/nacionalfm\/wp-json\/wp\/v2\/types\/post"}],"author":[{"embeddable":true,"href":"https:\/\/sertv.gob.pa\/nacionalfm\/wp-json\/wp\/v2\/users\/9"}],"replies":[{"embeddable":true,"href":"https:\/\/sertv.gob.pa\/nacionalfm\/wp-json\/wp\/v2\/comments?post=109858"}],"version-history":[{"count":3,"href":"https:\/\/sertv.gob.pa\/nacionalfm\/wp-json\/wp\/v2\/posts\/109858\/revisions"}],"predecessor-version":[{"id":109862,"href":"https:\/\/sertv.gob.pa\/nacionalfm\/wp-json\/wp\/v2\/posts\/109858\/revisions\/109862"}],"wp:featuredmedia":[{"embeddable":true,"href":"https:\/\/sertv.gob.pa\/nacionalfm\/wp-json\/wp\/v2\/media\/109859"}],"wp:attachment":[{"href":"https:\/\/sertv.gob.pa\/nacionalfm\/wp-json\/wp\/v2\/media?parent=109858"}],"wp:term":[{"taxonomy":"category","embeddable":true,"href":"https:\/\/sertv.gob.pa\/nacionalfm\/wp-json\/wp\/v2\/categories?post=109858"},{"taxonomy":"post_tag","embeddable":true,"href":"https:\/\/sertv.gob.pa\/nacionalfm\/wp-json\/wp\/v2\/tags?post=109858"}],"curies":[{"name":"wp","href":"https:\/\/api.w.org\/{rel}","templated":true}]}}