{"id":109869,"date":"2025-07-10T12:57:42","date_gmt":"2025-07-10T17:57:42","guid":{"rendered":"https:\/\/sertv.gob.pa\/nacionalfm\/?p=109869"},"modified":"2025-07-10T12:57:42","modified_gmt":"2025-07-10T17:57:42","slug":"minsa-sigue-aplicando-la-vacuna-de-la-fiebre-amarilla-ante-casos-de-la-enfermedad-en-algunos-paises-de-la-region","status":"publish","type":"post","link":"https:\/\/sertv.gob.pa\/nacionalfm\/minsa-sigue-aplicando-la-vacuna-de-la-fiebre-amarilla-ante-casos-de-la-enfermedad-en-algunos-paises-de-la-region\/","title":{"rendered":"MINSA sigue aplicando la vacuna de la fiebre amarilla ante casos de la enfermedad en algunos pa\u00edses de la regi\u00f3n"},"content":{"rendered":"<p><strong>\u00b7 La vacuna contra la fiebre amarilla se aplica en la sede la Regi\u00f3n Metropolitana de Salud, ubicada en Corozal, corregimiento de Anc\u00f3n.<\/strong><\/p>\n<p><strong>\u00b7 Mediante la resoluci\u00f3n N\u00ba0837 de 11 de julio de 2016, el Estado paname\u00f1o adopta medidas sanitarias relacionadas con la presentaci\u00f3n de la tarjeta de vacunaci\u00f3n contra la fiebre amarilla.<\/strong><\/p>\n<p><strong>Ante el reporte de casos de fiebre amarilla en algunos pa\u00edses de Sudam\u00e9rica, el Ministerio de Salud (MINSA), a trav\u00e9s del Departamento de Epidemiolog\u00eda, contin\u00faa aplicando la vacuna contra la fiebre amarilla tanto a nacionales como a extranjeros que viajan a estas \u00e1reas de circulaci\u00f3n de la enfermedad.<\/strong><\/p>\n<p><strong>Pablo Gonz\u00e1lez, del Departamento de Epidemiolog\u00eda del MINSA, inform\u00f3 que, pa\u00edses como: Ecuador, Per\u00fa, Colombia y Bolivia, han reportado casos de fiebre de amarilla, por lo que las personas que viajan a esas \u00e1reas deben colocarse la vacuna contra esta enfermedad diez d\u00edas antes de su viaje. Indic\u00f3 que, la vacuna proporciona inmunidad de por vida a la persona que se la aplica.<\/strong><\/p>\n<p><strong>Se except\u00faan de la obligatoriedad de la vacuna menores de un a\u00f1o, embrazadas, madres lactantes, personas mayores de 60 a\u00f1os y pacientes inmunocomprometidos. \u201cA estas personas se le realiza un proceso administrativo en la Regi\u00f3n de Salud Metropolitana, donde se les expide una certificaci\u00f3n para que puedan viajar, despu\u00e9s de presentar los documentos por lo que no se pueden colocar la vacuna contra la fiebre amarilla\u201d, dijo Gonz\u00e1lez.<\/strong><\/p>\n<p><strong>El galeno aclar\u00f3 que, en Panam\u00e1 no se est\u00e1 exigiendo a los viajeros que ingresan al pa\u00eds la tarjeta de vacuna contra la fiebre amarilla. Sin embargo, el sistema de vigilancia epidemiol\u00f3gica sigue monitoreando los brotes de fiebre amarilla en la regi\u00f3n.<\/strong><\/p>\n<p><strong>La vacuna se aplica en el Departamento de Enfermer\u00eda, secci\u00f3n de Vacuna Internacional ubicado en Corozal, Los R\u00edos corregimiento de Anc\u00f3n, de manera gratuita. Los costos de certificaci\u00f3n para nacionales y residentes es de B\/ 20.00 y para extranjeros B\/100.00. El horario de atenci\u00f3n es de 8:00 a.m. a 1:00 p.m.<\/strong><\/p>\n<p><strong>Los requisitos incluyen que todos los documentos deben ser originales, aplicable para paname\u00f1os, extranjeros residentes y extranjeros; estos documentos son: c\u00e9dula; carn\u00e9 de residente; pasaporte, si son extranjeros de paso; documento de Migraci\u00f3n, si est\u00e1n en tr\u00e1mite, y documento del Tribunal Electoral, si est\u00e1n en tr\u00e1mite.<\/strong><\/p>\n","protected":false},"excerpt":{"rendered":"<p>\u00b7 La vacuna contra la fiebre amarilla se aplica en <a href=\"https:\/\/sertv.gob.pa\/nacionalfm\/minsa-sigue-aplicando-la-vacuna-de-la-fiebre-amarilla-ante-casos-de-la-enfermedad-en-algunos-paises-de-la-region\/\"> [&#8230;]<\/a><\/p>\n","protected":false},"author":9,"featured_media":109870,"comment_status":"closed","ping_status":"closed","sticky":false,"template":"","format":"standard","meta":{"footnotes":""},"categories":[2],"tags":[],"class_list":["post-109869","post","type-post","status-publish","format-standard","has-post-thumbnail","hentry","category-nacionales"],"_links":{"self":[{"href":"https:\/\/sertv.gob.pa\/nacionalfm\/wp-json\/wp\/v2\/posts\/109869","targetHints":{"allow":["GET"]}}],"collection":[{"href":"https:\/\/sertv.gob.pa\/nacionalfm\/wp-json\/wp\/v2\/posts"}],"about":[{"href":"https:\/\/sertv.gob.pa\/nacionalfm\/wp-json\/wp\/v2\/types\/post"}],"author":[{"embeddable":true,"href":"https:\/\/sertv.gob.pa\/nacionalfm\/wp-json\/wp\/v2\/users\/9"}],"replies":[{"embeddable":true,"href":"https:\/\/sertv.gob.pa\/nacionalfm\/wp-json\/wp\/v2\/comments?post=109869"}],"version-history":[{"count":2,"href":"https:\/\/sertv.gob.pa\/nacionalfm\/wp-json\/wp\/v2\/posts\/109869\/revisions"}],"predecessor-version":[{"id":109872,"href":"https:\/\/sertv.gob.pa\/nacionalfm\/wp-json\/wp\/v2\/posts\/109869\/revisions\/109872"}],"wp:featuredmedia":[{"embeddable":true,"href":"https:\/\/sertv.gob.pa\/nacionalfm\/wp-json\/wp\/v2\/media\/109870"}],"wp:attachment":[{"href":"https:\/\/sertv.gob.pa\/nacionalfm\/wp-json\/wp\/v2\/media?parent=109869"}],"wp:term":[{"taxonomy":"category","embeddable":true,"href":"https:\/\/sertv.gob.pa\/nacionalfm\/wp-json\/wp\/v2\/categories?post=109869"},{"taxonomy":"post_tag","embeddable":true,"href":"https:\/\/sertv.gob.pa\/nacionalfm\/wp-json\/wp\/v2\/tags?post=109869"}],"curies":[{"name":"wp","href":"https:\/\/api.w.org\/{rel}","templated":true}]}}