{"id":109879,"date":"2025-07-10T14:20:18","date_gmt":"2025-07-10T19:20:18","guid":{"rendered":"https:\/\/sertv.gob.pa\/nacionalfm\/?p=109879"},"modified":"2025-07-10T14:20:18","modified_gmt":"2025-07-10T19:20:18","slug":"presidente-jose-raul-mulino-reitera-el-impacto-positivo-de-salida-de-panama-de-lista-de-la-ue-y-anuncia-inversion-para-lograr-reactivacion-de-bocas","status":"publish","type":"post","link":"https:\/\/sertv.gob.pa\/nacionalfm\/presidente-jose-raul-mulino-reitera-el-impacto-positivo-de-salida-de-panama-de-lista-de-la-ue-y-anuncia-inversion-para-lograr-reactivacion-de-bocas\/","title":{"rendered":"Presidente, Jos\u00e9 Ra\u00fal Mulino, reitera el impacto positivo de salida de Panam\u00e1 de lista de la UE y anuncia inversi\u00f3n para lograr reactivaci\u00f3n de Bocas"},"content":{"rendered":"<p><strong>Mulino reitera impacto positivo de salida de Panam\u00e1 de lista de la UE y anuncia inversi\u00f3n del Estado para reactivar Bocas<\/strong><\/p>\n<p>-Tambi\u00e9n destac\u00f3 los avances durante su participaci\u00f3n en la Cumbre del MERCOSUR, dentro de su pol\u00edtica internacional para atraer inversiones y generar empleos.-<\/p>\n<p>\u201cPanam\u00e1 comienza a cursar nuevos mares\u201d, afirm\u00f3 este jueves, en su conversatorio, el presidente de la Rep\u00fablica de Panam\u00e1, Jos\u00e9 Ra\u00fal Mulino, despu\u00e9s de reiterar el impacto positivo que tiene para el pa\u00eds, su reciente exclusi\u00f3n de la lista discriminatoria de la Uni\u00f3n Europea (UE). Igualmente, ponder\u00f3, entre otros temas, los logros de su participaci\u00f3n en la Cumbre del MERCOSUR y anunci\u00f3 las obras que ha comenzado a ejecutar el Gobierno Nacional, a fin de reactivar la econom\u00eda en la provincia de Bocas del Toro.<\/p>\n<p>Durante la conferencia de prensa, que se llev\u00f3 a cabo en el Anfiteatro del Palacio de Las Garzas, el mandatario, tambi\u00e9n anunci\u00f3 que, realizar\u00e1 un viaje a Brasil, el pr\u00f3ximo 28 de agosto, as\u00ed como la visita a Panam\u00e1, de su hom\u00f3logo brasile\u00f1o, Luiz In\u00e1cio \u201cLula\u201d da Silva.<\/p>\n<p><strong>Beneficios para Panam\u00e1 de la exclusi\u00f3n de la lista de la UE y agenda en el MERCOSUR<\/strong><\/p>\n<p>El presidente Mulino, agradeci\u00f3 el esfuerzo que, liderado por su gobierno desde el primer d\u00eda, desarrollaron distintos sectores tanto para cumplir con los requerimientos de la UE, como para superar los obst\u00e1culos, entre ellos, pol\u00edticos, inmersos en un proceso en el que intervienen m\u00e1s de 700 parlamentarios europeos, hasta lograr sacar a Panam\u00e1, de la lista discriminatoria de la UE.<\/p>\n<p>\u201cMe siento muy complacido; gracias a esa salida, el nombre de Panam\u00e1, comienza a cursar nuevos mares, nuevas posiciones; a reducir riesgos financieros, desde todo punto de vista, para que la banca paname\u00f1a pueda operar con tranquilidad, sin zozobras respecto de corresponsal\u00edas o de algunos pa\u00edses que gravaban de m\u00e1s, las transacciones bancarias con Panam\u00e1\u201d, expres\u00f3.<\/p>\n<p>Sin duda alguna, para el presidente, Jos\u00e9 Ra\u00fal Mulino, este logro alcanzado, encierra un concepto de unidad como naci\u00f3n y que, como paname\u00f1os, debemos trasladar hacia otros temas nacionales que igualmente requieren de la unidad de todos los ciudadanos. \u201cCuando nos unimos, la cosa sale bien. Y eso, nos debe servir de plataforma para otros temas nacionales que vendr\u00e1n pronto y que deber\u00e1n ser analizados con igual inter\u00e9s\u201d, revel\u00f3.<\/p>\n<p>Adem\u00e1s de esto, el presidente Mulino, ponder\u00f3 los resultados de su reciente intervenci\u00f3n en la Cumbre del MERCOSUR, en Buenos Aires, Argentina, donde sostuvo un encuentro con el mandatario y autoridades de este pa\u00eds, as\u00ed como jefes de Estado y delegaciones de pa\u00edses que integran este importante bloque de Am\u00e9rica del Sur, entre ellos, Ecuador, Paraguay, Uruguay, Brasil, Bolivia y Chile.<\/p>\n<p>Por otro lado, anunci\u00f3 que, el pr\u00f3ximo 28 de agosto, har\u00e1 una visita oficial a Brasil, junto a empresarios paname\u00f1os de distintas \u00e1reas, como: log\u00edstica, comercial, banca y agr\u00edcola, entre otras, con la intenci\u00f3n de impulsar las ventajas de Panam\u00e1, para el mercado del pa\u00eds sure\u00f1o.<\/p>\n<p>Mulino, destac\u00f3 la visita del mandatario brasile\u00f1o Luiz In\u00e1cio \u201cLula\u201d da Silva, prevista para enero de 2026, para participar en el Foro Econ\u00f3mico de Am\u00e9rica Latina, que se desarrollar\u00e1 en Panam\u00e1, evento considerado por el gobernante como el \u201cDavos de las Am\u00e9ricas\u201d.<\/p>\n<p>Asimismo, el jefe del Ejecutivo, resalt\u00f3 los esfuerzos y gestiones del pa\u00eds, para que Panam\u00e1, se adhiera a la Organizaci\u00f3n para la Cooperaci\u00f3n y el Desarrollo Econ\u00f3micos (OCDE), como parte de la agenda internacional de su gobierno para elevar y fortalecer la imagen del pa\u00eds en el exterior. \u201cEs importante estar en esos grupos de pa\u00edses que juegan un rol clave a nivel internacional\u201d, manifest\u00f3.<\/p>\n<p>\u201cPor supuesto, no dejar\u00e9 de estar en una acci\u00f3n de pol\u00edtica internacional, en cada foro, en cada cumbre, en cada reuni\u00f3n que pueda hacer personalmente; en visitas oficiales para llevar el nombre de Panam\u00e1, a los foros internacionales y recobrar ese orgullo patrio de jugar un rol internacional como le toca a Panam\u00e1, de manera protag\u00f3nica\u201d, puntualiz\u00f3.<\/p>\n<p><strong>Gobierno Nacional pone en marcha reactivaci\u00f3n de Bocas del Toro<\/strong><\/p>\n<p>Durante la conferencia de prensa, el mandatario, tambi\u00e9n se refiri\u00f3, al plan de inversiones que ha puesto en marcha el Gobierno Nacional, con el objetivo de reactivar la provincia de Bocas del Toro, la cual fue golpeada duramente por efectos negativos de la pasada paralizaci\u00f3n por parte de grupos organizados.<\/p>\n<p>Entre los planes, anunci\u00f3 que, el Ministerio de Obras P\u00fablicas (MOP), iniciar\u00e1 obras por B\/.190 millones en rehabilitaci\u00f3n de calles. Indic\u00f3 que, la Caja de Seguro Social (CSS), ha normalizado sus servicios de salud, el abastecimiento de medicinas e insumos, y ha asignado seis modernas ambulancias para la provincia.<\/p>\n<p>Inform\u00f3 que, el Centro de Alto Rendimiento de Changuinola, est\u00e1 terminado y ser\u00e1 inaugurado en los pr\u00f3ximos d\u00edas, en una visita que realizar\u00e1 a Bocas del Toro. Se retomar\u00e1 la construcci\u00f3n del mercado de Changuinola; y se ampliar\u00e1 el Centro de Formaci\u00f3n del INADEH, con talleres de refrigeraci\u00f3n, electricidad y gastronom\u00eda.<\/p>\n<p>En tanto, para comenzar a recuperar el sector turismo en la isla, se tiene previsto desarrollar este a\u00f1o la Copa de Surf \u201cConquistadores de los Mares Bocas del Toro\u201d.<\/p>\n<p>Adem\u00e1s de esto, el Ministerio de Salud (MINSA) invertir\u00e1 B\/.15.5 millones en infraestructura y recuperaci\u00f3n de servicios de salud.<\/p>\n<p>\u201cEstamos abriendo caminos para que la empresa privada Chiquita, decida retornar a Bocas del Toro y comenzar otra vez. El ministro, Julio Molt\u00f3, est\u00e1 llevando adelante esas conversaciones y la pr\u00f3xima semana, se reunir\u00e1 con altos ejecutivos de la empresa. Y por supuesto, si se presenta la ocasi\u00f3n, con mayor gusto hablar\u00e9 con ellos\u201d, adelant\u00f3 Mulino, quien mostr\u00f3 su preocupaci\u00f3n por los estragos dejados por las protestas de gremios en la provincia y por las acciones que a\u00fan mantienen algunos grupos en el sector educativo y que est\u00e1n afectando a los estudiantes; por ello, inst\u00f3 a los docentes, una vez m\u00e1s, a retornar a las aulas de clases.<\/p>\n","protected":false},"excerpt":{"rendered":"<p>Mulino reitera impacto positivo de salida de Panam\u00e1 de lista <a href=\"https:\/\/sertv.gob.pa\/nacionalfm\/presidente-jose-raul-mulino-reitera-el-impacto-positivo-de-salida-de-panama-de-lista-de-la-ue-y-anuncia-inversion-para-lograr-reactivacion-de-bocas\/\"> [&#8230;]<\/a><\/p>\n","protected":false},"author":9,"featured_media":109880,"comment_status":"closed","ping_status":"closed","sticky":false,"template":"","format":"standard","meta":{"footnotes":""},"categories":[2],"tags":[],"class_list":["post-109879","post","type-post","status-publish","format-standard","has-post-thumbnail","hentry","category-nacionales"],"_links":{"self":[{"href":"https:\/\/sertv.gob.pa\/nacionalfm\/wp-json\/wp\/v2\/posts\/109879","targetHints":{"allow":["GET"]}}],"collection":[{"href":"https:\/\/sertv.gob.pa\/nacionalfm\/wp-json\/wp\/v2\/posts"}],"about":[{"href":"https:\/\/sertv.gob.pa\/nacionalfm\/wp-json\/wp\/v2\/types\/post"}],"author":[{"embeddable":true,"href":"https:\/\/sertv.gob.pa\/nacionalfm\/wp-json\/wp\/v2\/users\/9"}],"replies":[{"embeddable":true,"href":"https:\/\/sertv.gob.pa\/nacionalfm\/wp-json\/wp\/v2\/comments?post=109879"}],"version-history":[{"count":1,"href":"https:\/\/sertv.gob.pa\/nacionalfm\/wp-json\/wp\/v2\/posts\/109879\/revisions"}],"predecessor-version":[{"id":109881,"href":"https:\/\/sertv.gob.pa\/nacionalfm\/wp-json\/wp\/v2\/posts\/109879\/revisions\/109881"}],"wp:featuredmedia":[{"embeddable":true,"href":"https:\/\/sertv.gob.pa\/nacionalfm\/wp-json\/wp\/v2\/media\/109880"}],"wp:attachment":[{"href":"https:\/\/sertv.gob.pa\/nacionalfm\/wp-json\/wp\/v2\/media?parent=109879"}],"wp:term":[{"taxonomy":"category","embeddable":true,"href":"https:\/\/sertv.gob.pa\/nacionalfm\/wp-json\/wp\/v2\/categories?post=109879"},{"taxonomy":"post_tag","embeddable":true,"href":"https:\/\/sertv.gob.pa\/nacionalfm\/wp-json\/wp\/v2\/tags?post=109879"}],"curies":[{"name":"wp","href":"https:\/\/api.w.org\/{rel}","templated":true}]}}