{"id":10988,"date":"2016-03-01T17:17:40","date_gmt":"2016-03-01T17:17:40","guid":{"rendered":""},"modified":"2016-03-01T17:17:40","modified_gmt":"2016-03-01T17:17:40","slug":"olmedo-saenz-confirma-dos-recortes-en-el-beisbol","status":"publish","type":"post","link":"https:\/\/sertv.gob.pa\/nacionalfm\/olmedo-saenz-confirma-dos-recortes-en-el-beisbol\/","title":{"rendered":"Olmedo S\u00e1enz confirma dos recortes en el b\u00e9isbol"},"content":{"rendered":"<p>\nEl integrante del Cuerpo T\u00e9cnico de la Preselecci\u00f3n Paname\u00f1a de B\u00e9isbol, \u00a0Olmedo S\u00e1enz inform\u00f3 que\u00a0 realizaron dos recortes para participar en la Eliminatoria al Cl\u00e1sico Mundial de B\u00e9isbol, que recayeron\u00a0 en el receptor Carlos S\u00e1nchez y el jardinero Concepci\u00f3n Rodr\u00edguez, seg\u00fan inform\u00f3 la Federaci\u00f3n Paname\u00f1a de B\u00e9isbol. <\/p>\n<p>Se espera que el pr\u00f3ximo lunes, 7 de marzo, se anuncien el pr\u00f3ximo recorte de peloteros, adelant\u00f3 S\u00e1enz. <\/p>\n<p>S\u00e1enz adem\u00e1s se\u00f1al\u00f3 que &ldquo;hemos pasado mucho trabajo para conseguir que los peloteros jueguen con sus equipos; no entendemos, porqu\u00e9 el fan\u00e1tico se merece respeto y quiere a sus Grandes Ligas en el terreno&rdquo;. <\/p>\n<p>En los primeros 10 d\u00edas de entrenamiento en Chitr\u00e9, Herrera, el grupo ha estado haciendo trabajo de recuperaci\u00f3n f\u00edsica y repaso de las jugadas. Esta semana trabajar\u00e1n en el aspecto t\u00e9cnico y t\u00e1ctico de posibles situaciones de juego. <\/p>\n<p>La Preselecci\u00f3n tiene programado un partido de preparaci\u00f3n ante la Selecci\u00f3n Mayor de la provincia de Herrera, este mi\u00e9rcoles, en el Estadio Rico Cede\u00f1o, en Herrera. <\/p>\n<p>\u00a0 <\/p>\n","protected":false},"excerpt":{"rendered":"<p>El integrante del Cuerpo T\u00e9cnico de la Preselecci\u00f3n Paname\u00f1a de <a href=\"https:\/\/sertv.gob.pa\/nacionalfm\/olmedo-saenz-confirma-dos-recortes-en-el-beisbol\/\"> [&#8230;]<\/a><\/p>\n","protected":false},"author":1,"featured_media":10989,"comment_status":"closed","ping_status":"closed","sticky":false,"template":"","format":"standard","meta":{"footnotes":""},"categories":[4],"tags":[],"class_list":["post-10988","post","type-post","status-publish","format-standard","has-post-thumbnail","hentry","category-deportes"],"_links":{"self":[{"href":"https:\/\/sertv.gob.pa\/nacionalfm\/wp-json\/wp\/v2\/posts\/10988","targetHints":{"allow":["GET"]}}],"collection":[{"href":"https:\/\/sertv.gob.pa\/nacionalfm\/wp-json\/wp\/v2\/posts"}],"about":[{"href":"https:\/\/sertv.gob.pa\/nacionalfm\/wp-json\/wp\/v2\/types\/post"}],"author":[{"embeddable":true,"href":"https:\/\/sertv.gob.pa\/nacionalfm\/wp-json\/wp\/v2\/users\/1"}],"replies":[{"embeddable":true,"href":"https:\/\/sertv.gob.pa\/nacionalfm\/wp-json\/wp\/v2\/comments?post=10988"}],"version-history":[{"count":0,"href":"https:\/\/sertv.gob.pa\/nacionalfm\/wp-json\/wp\/v2\/posts\/10988\/revisions"}],"wp:featuredmedia":[{"embeddable":true,"href":"https:\/\/sertv.gob.pa\/nacionalfm\/wp-json\/wp\/v2\/media\/10989"}],"wp:attachment":[{"href":"https:\/\/sertv.gob.pa\/nacionalfm\/wp-json\/wp\/v2\/media?parent=10988"}],"wp:term":[{"taxonomy":"category","embeddable":true,"href":"https:\/\/sertv.gob.pa\/nacionalfm\/wp-json\/wp\/v2\/categories?post=10988"},{"taxonomy":"post_tag","embeddable":true,"href":"https:\/\/sertv.gob.pa\/nacionalfm\/wp-json\/wp\/v2\/tags?post=10988"}],"curies":[{"name":"wp","href":"https:\/\/api.w.org\/{rel}","templated":true}]}}