{"id":109882,"date":"2025-07-10T14:31:27","date_gmt":"2025-07-10T19:31:27","guid":{"rendered":"https:\/\/sertv.gob.pa\/nacionalfm\/?p=109882"},"modified":"2025-07-10T14:31:27","modified_gmt":"2025-07-10T19:31:27","slug":"presidente-mulino-se-refiere-a-la-transformacion-del-ministerio-de-la-mujer","status":"publish","type":"post","link":"https:\/\/sertv.gob.pa\/nacionalfm\/presidente-mulino-se-refiere-a-la-transformacion-del-ministerio-de-la-mujer\/","title":{"rendered":"Presidente Mulino, se refiere a la Transformaci\u00f3n del Ministerio de la Mujer"},"content":{"rendered":"<p><em><strong>Otro de los temas abordados por el presidente, Jos\u00e9 Ra\u00fal Mulino, en su Conferencia de Prensa, realizada este jueves, 10 de julio, en el Palacio de Las Garzas, se di\u00f3 con lo referente a la anunciada iniciativa de transformar el Ministerio de la Mujer, en otra entidad dentro del Gobierno Central. En base a esto, el presidente Mulino, inform\u00f3 que, pronto se reunir\u00e1 con organizaciones feministas para escuchar sus sugerencias.<\/strong><\/em><\/p>\n<p><strong>Entre las posibilidades que se consideran, est\u00e1 la reformulaci\u00f3n como un Instituto de la Mujer o como un Viceministerio dentro del Ministerio de Desarrollo Social (MIDES).<\/strong><\/p>\n<p><strong>\u00abEs una entidad que, por crearse a la carrera, no genera lo que debi\u00f3 generar, salvo buena burocracia\u00bb, coment\u00f3 el presidente. \u00abSer\u00e1 transformado en una entidad m\u00e1s \u00fatil\u00bb, agreg\u00f3.<\/strong><\/p>\n<p><strong>De igual modo, se avanza en la transferencia de las carteras del Banco Hipotecario Nacional y el Banco de Desarrollo Agropecuario hacia el Banco Nacional de Panam\u00e1 y la Caja de Ahorros.<\/strong><\/p>\n<p><strong>Detall\u00f3 que, todos estos cambios, que forman parte de la modernizaci\u00f3n y reducci\u00f3n del Estado, deben darse a trav\u00e9s de leyes de la Rep\u00fablica, en arm\u00f3nica colaboraci\u00f3n con el \u00d3rgano Legislativo, manifest\u00f3 el presidente Mulino.<\/strong><\/p>\n","protected":false},"excerpt":{"rendered":"<p>Otro de los temas abordados por el presidente, Jos\u00e9 Ra\u00fal <a href=\"https:\/\/sertv.gob.pa\/nacionalfm\/presidente-mulino-se-refiere-a-la-transformacion-del-ministerio-de-la-mujer\/\"> [&#8230;]<\/a><\/p>\n","protected":false},"author":9,"featured_media":109883,"comment_status":"closed","ping_status":"closed","sticky":false,"template":"","format":"standard","meta":{"footnotes":""},"categories":[2],"tags":[],"class_list":["post-109882","post","type-post","status-publish","format-standard","has-post-thumbnail","hentry","category-nacionales"],"_links":{"self":[{"href":"https:\/\/sertv.gob.pa\/nacionalfm\/wp-json\/wp\/v2\/posts\/109882","targetHints":{"allow":["GET"]}}],"collection":[{"href":"https:\/\/sertv.gob.pa\/nacionalfm\/wp-json\/wp\/v2\/posts"}],"about":[{"href":"https:\/\/sertv.gob.pa\/nacionalfm\/wp-json\/wp\/v2\/types\/post"}],"author":[{"embeddable":true,"href":"https:\/\/sertv.gob.pa\/nacionalfm\/wp-json\/wp\/v2\/users\/9"}],"replies":[{"embeddable":true,"href":"https:\/\/sertv.gob.pa\/nacionalfm\/wp-json\/wp\/v2\/comments?post=109882"}],"version-history":[{"count":1,"href":"https:\/\/sertv.gob.pa\/nacionalfm\/wp-json\/wp\/v2\/posts\/109882\/revisions"}],"predecessor-version":[{"id":109884,"href":"https:\/\/sertv.gob.pa\/nacionalfm\/wp-json\/wp\/v2\/posts\/109882\/revisions\/109884"}],"wp:featuredmedia":[{"embeddable":true,"href":"https:\/\/sertv.gob.pa\/nacionalfm\/wp-json\/wp\/v2\/media\/109883"}],"wp:attachment":[{"href":"https:\/\/sertv.gob.pa\/nacionalfm\/wp-json\/wp\/v2\/media?parent=109882"}],"wp:term":[{"taxonomy":"category","embeddable":true,"href":"https:\/\/sertv.gob.pa\/nacionalfm\/wp-json\/wp\/v2\/categories?post=109882"},{"taxonomy":"post_tag","embeddable":true,"href":"https:\/\/sertv.gob.pa\/nacionalfm\/wp-json\/wp\/v2\/tags?post=109882"}],"curies":[{"name":"wp","href":"https:\/\/api.w.org\/{rel}","templated":true}]}}