{"id":109885,"date":"2025-07-11T08:14:54","date_gmt":"2025-07-11T13:14:54","guid":{"rendered":"https:\/\/sertv.gob.pa\/nacionalfm\/?p=109885"},"modified":"2025-07-11T08:14:54","modified_gmt":"2025-07-11T13:14:54","slug":"la-alfabetizacion-constitucional-un-proceso-que-abre-el-camino-para-renovar-el-pacto-social-en-panama","status":"publish","type":"post","link":"https:\/\/sertv.gob.pa\/nacionalfm\/la-alfabetizacion-constitucional-un-proceso-que-abre-el-camino-para-renovar-el-pacto-social-en-panama\/","title":{"rendered":"La Alfabetizaci\u00f3n Constitucional, un proceso que abre el camino para renovar el pacto social en Panam\u00e1"},"content":{"rendered":"<div class=\"fusion-fullwidth fullwidth-box fusion-builder-row-1 fusion-flex-container has-pattern-background has-mask-background nonhundred-percent-fullwidth non-hundred-percent-height-scrolling\" style=\"--awb-border-radius-top-left:0px;--awb-border-radius-top-right:0px;--awb-border-radius-bottom-right:0px;--awb-border-radius-bottom-left:0px;--awb-flex-wrap:wrap;\" ><div class=\"fusion-builder-row fusion-row fusion-flex-align-items-flex-start fusion-flex-content-wrap\" style=\"max-width:1144px;margin-left: calc(-4% \/ 2 );margin-right: calc(-4% \/ 2 );\"><div class=\"fusion-layout-column fusion_builder_column fusion-builder-column-0 fusion_builder_column_1_1 1_1 fusion-flex-column\" style=\"--awb-bg-size:cover;--awb-width-large:100%;--awb-margin-top-large:0px;--awb-spacing-right-large:1.92%;--awb-margin-bottom-large:20px;--awb-spacing-left-large:1.92%;--awb-width-medium:100%;--awb-order-medium:0;--awb-spacing-right-medium:1.92%;--awb-spacing-left-medium:1.92%;--awb-width-small:100%;--awb-order-small:0;--awb-spacing-right-small:1.92%;--awb-spacing-left-small:1.92%;\"><div class=\"fusion-column-wrapper fusion-column-has-shadow fusion-flex-justify-content-flex-start fusion-content-layout-column\"><div class=\"fusion-text fusion-text-1\" style=\"--awb-content-alignment:justify;\"><p><em><strong>Con miras a impulsar un nuevo contrato social y hacer un llamamiento a la participaci\u00f3n de todos los estratos de la sociedad paname\u00f1a, este mi\u00e9rcoles, 9 de julio, se celebr\u00f3 en el Ministerio de Relaciones Exteriores de Panam\u00e1, la Alfabetizaci\u00f3n Constitucional, el cual es un proceso de consulta democr\u00e1tica, que busca un nuevo pacto social moderno e inclusivo para el pa\u00eds.<\/strong><\/em><\/p>\n<p><strong>\u00abUna nueva Constituci\u00f3n, no se escribe para resolver impaciencias pol\u00edticas ni satisfacer ambiciones coyunturales. Se convoca cuando el pacto social que sostiene a la naci\u00f3n ha dejado de latir en el coraz\u00f3n del pueblo y ya no ofrece respuestas ni justicia. Solo entonces, con serenidad, con consenso amplio y sin \u00e1nimo de venganza, se debe elaborar un nuevo contrato nacional\u00bb, dijo en el acto, el ministro de Relaciones Exteriores de Panam\u00e1, Javier Mart\u00ednez-Acha V\u00e1squez .<\/strong><\/p>\n<p><strong>Durante su intevenci\u00f3n, el jefe de la diplomacia paname\u00f1a, describi\u00f3 que este proceso de cambio que impulsa el liderazgo del presidente, Jos\u00e9 Ra\u00fal Mulino, se llevar\u00e1 a cabo con responsabilidad y con amplios consensos, sin c\u00e1lculos mezquinos, ya que la columna vertebral de una rep\u00fablica no se cambia por capricho o por una coyuntura.<\/strong><\/p>\n<p><strong>Por su parte, Miguel Antonio Bernal, asesor presidencial y coordinador ejecutivo de la Secretar\u00eda Presidencial para la Reorganizaci\u00f3n del Estado y Asuntos Constitucionales, indic\u00f3 que, el objetivo de esta jornada, es concienciar sobre la importancia de una constituyente para la Rep\u00fablica de Panam\u00e1 y tener un intercambio de ideas y experiencias sobre una constituyente con el cuerpo diplom\u00e1tico acreditado en el pa\u00eds y que ya han vivido esta clase de experiencia.<\/strong><\/p>\n<p><strong>\u00abEste proyecto nacional de dotarnos de una nueva Constituci\u00f3n no solo existe, sino que abunda, y el prop\u00f3sito es dedicar esta primera fase a consensuar con nuestra propia poblaci\u00f3n, ya que llevamos varias d\u00e9cadas abandonando, por acci\u00f3n u omisi\u00f3n, la formaci\u00f3n de nuestra gente en aspectos c\u00edvicos b\u00e1sicos y en el conocimiento de sus derechos, deberes y garant\u00edas\u00bb, a\u00f1adi\u00f3 Bernal.<\/strong><\/p>\n<p><strong>Para esta oportunidad, el tambi\u00e9n profesor de Derecho de la Universidad de Panam\u00e1, present\u00f3 un cronograma de trabajo y planificaci\u00f3n para los pr\u00f3ximos a\u00f1os, con el que se pretende dotar a Panam\u00e1, de una nueva Constituci\u00f3n.<\/strong><\/p>\n<p><strong>\u00abLa idea es que en el 2029, la nueva Constituci\u00f3n comience a regir. Claro est\u00e1 que debemos realizar un refer\u00e9ndum y un proceso de consulta y divulgaci\u00f3n, e involucrar a los j\u00f3venes, que son el futuro de este pa\u00eds. Para ello, estamos trabajando en las redes sociales para crear ese sentimiento constitucionalista\u00bb, apunt\u00f3 Bernal.<\/strong><\/p>\n<\/div><\/div><\/div><\/div><\/div>\n","protected":false},"excerpt":{"rendered":"","protected":false},"author":9,"featured_media":109886,"comment_status":"closed","ping_status":"closed","sticky":false,"template":"","format":"standard","meta":{"footnotes":""},"categories":[2],"tags":[],"class_list":["post-109885","post","type-post","status-publish","format-standard","has-post-thumbnail","hentry","category-nacionales"],"_links":{"self":[{"href":"https:\/\/sertv.gob.pa\/nacionalfm\/wp-json\/wp\/v2\/posts\/109885","targetHints":{"allow":["GET"]}}],"collection":[{"href":"https:\/\/sertv.gob.pa\/nacionalfm\/wp-json\/wp\/v2\/posts"}],"about":[{"href":"https:\/\/sertv.gob.pa\/nacionalfm\/wp-json\/wp\/v2\/types\/post"}],"author":[{"embeddable":true,"href":"https:\/\/sertv.gob.pa\/nacionalfm\/wp-json\/wp\/v2\/users\/9"}],"replies":[{"embeddable":true,"href":"https:\/\/sertv.gob.pa\/nacionalfm\/wp-json\/wp\/v2\/comments?post=109885"}],"version-history":[{"count":1,"href":"https:\/\/sertv.gob.pa\/nacionalfm\/wp-json\/wp\/v2\/posts\/109885\/revisions"}],"predecessor-version":[{"id":109887,"href":"https:\/\/sertv.gob.pa\/nacionalfm\/wp-json\/wp\/v2\/posts\/109885\/revisions\/109887"}],"wp:featuredmedia":[{"embeddable":true,"href":"https:\/\/sertv.gob.pa\/nacionalfm\/wp-json\/wp\/v2\/media\/109886"}],"wp:attachment":[{"href":"https:\/\/sertv.gob.pa\/nacionalfm\/wp-json\/wp\/v2\/media?parent=109885"}],"wp:term":[{"taxonomy":"category","embeddable":true,"href":"https:\/\/sertv.gob.pa\/nacionalfm\/wp-json\/wp\/v2\/categories?post=109885"},{"taxonomy":"post_tag","embeddable":true,"href":"https:\/\/sertv.gob.pa\/nacionalfm\/wp-json\/wp\/v2\/tags?post=109885"}],"curies":[{"name":"wp","href":"https:\/\/api.w.org\/{rel}","templated":true}]}}