{"id":109888,"date":"2025-07-11T08:40:12","date_gmt":"2025-07-11T13:40:12","guid":{"rendered":"https:\/\/sertv.gob.pa\/nacionalfm\/?p=109888"},"modified":"2025-07-11T08:40:12","modified_gmt":"2025-07-11T13:40:12","slug":"tras-firma-de-convenios-mas-de-250-jovenes-recibiran-capacitacion-para-operar-plantas-potabilizadoras-en-todo-el-pais","status":"publish","type":"post","link":"https:\/\/sertv.gob.pa\/nacionalfm\/tras-firma-de-convenios-mas-de-250-jovenes-recibiran-capacitacion-para-operar-plantas-potabilizadoras-en-todo-el-pais\/","title":{"rendered":"Tras firma de convenios, m\u00e1s de 250 j\u00f3venes recibir\u00e1n capacitaci\u00f3n para operar plantas potabilizadoras en todo el pa\u00eds"},"content":{"rendered":"<p><em><strong>M\u00e1s de 250 j\u00f3venes formar\u00e1n parte del equipo t\u00e9cnico especializado del Instituto de Acueductos y Alcantarillados Nacionales de Panam\u00e1 (IDAAN), a fin de fortalecer la operaci\u00f3n de las plantas potabilizadoras en todo el pa\u00eds. Esto, gracias a una iniciativa conjunta con el Ministerio de Trabajo y Desarrollo Laboral (MTRADEL) y la Universidad Tecnol\u00f3gica de Panam\u00e1 (UTP).<\/strong><\/em><\/p>\n<p><strong>Esta alianza estrat\u00e9gica, se hizo formal, mediante la reciente firma de convenios de cooperaci\u00f3n entre las autoridades del IDAAN y MITRADEL, para el reclutamiento a trav\u00e9s de sus mecanismos de intermediaci\u00f3n laboral garantizando la transparencia y la igualdad de oportunidades para los aspirantes; y el IDAAN y la UTP, para la capacitaci\u00f3n t\u00e9cnica especializada para operadores de plantas potabilizadoras.<\/strong><\/p>\n<p><strong>Es importante enfatizar, que una vez los j\u00f3venes culminen las capacitaciones, ser\u00e1n contratados como operadores de las plantas potabilizadoras del IDAAN a nivel nacional como parte de su plan de modernizaci\u00f3n y profesionalizaci\u00f3n.<\/strong><\/p>\n<p><strong>Estos acuerdos, fueron firmados por la ministra de Trabajo, Jackeline Mu\u00f1oz; el director ejecutivo del IDAAN, Rutilio Villarreal; y la rectora de la UTP, \u00c1ngela Laguna Caicedo.<\/strong><\/p>\n<p><strong>Durante este acto de firma, el director ejecutivo del IDAAN, Rutilio Villarreal, agradeci\u00f3 el compromiso del MITRADEL y la UTP, con este proyecto que busca garantizar un recurso humano capacitado y la profesionalizaci\u00f3n de la instituci\u00f3n para optimizar los procesos de producci\u00f3n de agua potable a nivel nacional.<\/strong><\/p>\n<p><strong>\u201cEstos convenios, representan un paso trascendental en el compromiso del se\u00f1or Presidente de la Rep\u00fablica, Jos\u00e9 Ra\u00fal Mulino Quintero, de asegurar el acceso a agua potable de calidad para todas las comunidades con una infraestructura moderna y garantizando la sostenibilidad del recurso h\u00eddrico\u201d, manifest\u00f3.<\/strong><\/p>\n<p><strong>Mientras tanto, la ministra de Trabajo, Jackeline Mu\u00f1oz, afirm\u00f3 que, est\u00e1n generando oportunidades reales concretas para los j\u00f3venes, transformando sus vidas con formaci\u00f3n de calidad y acceso a empleo formal. \u201cEste es un ejemplo de c\u00f3mo el trabajo coordinado entre instituciones puede cambiar realidades\u201d.<\/strong><\/p>\n<p><strong>Destac\u00f3 que, el acuerdo reafirma el liderazgo del MITRADEL, en la ejecuci\u00f3n de pol\u00edticas p\u00fablicas de empleo y de formaci\u00f3n para el trabajo alineado con la visi\u00f3n del presidente, Jos\u00e9 Ra\u00fal Mulino, de dignificar la vida de los paname\u00f1os a trav\u00e9s de oportunidades reales.<\/strong><\/p>\n<p><strong>Por su parte, la rectora de la UTP, \u00c1ngela Laguna Caicedo, expres\u00f3 que, el compromiso que adquieren hoy las instituciones como: el IDAAN, MITRADEL y la UTP ha sido muy atinado porque el tema del agua no puede esperar.<\/strong><\/p>\n<p><strong>Indic\u00f3 que, este convenio de cooperaci\u00f3n, es una apuesta por lo acad\u00e9mico y lo tecnol\u00f3gico, brind\u00e1ndole a j\u00f3venes la oportunidad de una preparaci\u00f3n con profesionales de la UTP y garantiz\u00e1ndoles una oportunidad de empleo en la producci\u00f3n del agua donde se requiere contar con personal id\u00f3neo.<\/strong><\/p>\n<p>&nbsp;<\/p>\n<p>&nbsp;<\/p>\n","protected":false},"excerpt":{"rendered":"<p>M\u00e1s de 250 j\u00f3venes formar\u00e1n parte del equipo t\u00e9cnico especializado <a href=\"https:\/\/sertv.gob.pa\/nacionalfm\/tras-firma-de-convenios-mas-de-250-jovenes-recibiran-capacitacion-para-operar-plantas-potabilizadoras-en-todo-el-pais\/\"> [&#8230;]<\/a><\/p>\n","protected":false},"author":9,"featured_media":109889,"comment_status":"closed","ping_status":"closed","sticky":false,"template":"","format":"standard","meta":{"footnotes":""},"categories":[2],"tags":[],"class_list":["post-109888","post","type-post","status-publish","format-standard","has-post-thumbnail","hentry","category-nacionales"],"_links":{"self":[{"href":"https:\/\/sertv.gob.pa\/nacionalfm\/wp-json\/wp\/v2\/posts\/109888","targetHints":{"allow":["GET"]}}],"collection":[{"href":"https:\/\/sertv.gob.pa\/nacionalfm\/wp-json\/wp\/v2\/posts"}],"about":[{"href":"https:\/\/sertv.gob.pa\/nacionalfm\/wp-json\/wp\/v2\/types\/post"}],"author":[{"embeddable":true,"href":"https:\/\/sertv.gob.pa\/nacionalfm\/wp-json\/wp\/v2\/users\/9"}],"replies":[{"embeddable":true,"href":"https:\/\/sertv.gob.pa\/nacionalfm\/wp-json\/wp\/v2\/comments?post=109888"}],"version-history":[{"count":1,"href":"https:\/\/sertv.gob.pa\/nacionalfm\/wp-json\/wp\/v2\/posts\/109888\/revisions"}],"predecessor-version":[{"id":109890,"href":"https:\/\/sertv.gob.pa\/nacionalfm\/wp-json\/wp\/v2\/posts\/109888\/revisions\/109890"}],"wp:featuredmedia":[{"embeddable":true,"href":"https:\/\/sertv.gob.pa\/nacionalfm\/wp-json\/wp\/v2\/media\/109889"}],"wp:attachment":[{"href":"https:\/\/sertv.gob.pa\/nacionalfm\/wp-json\/wp\/v2\/media?parent=109888"}],"wp:term":[{"taxonomy":"category","embeddable":true,"href":"https:\/\/sertv.gob.pa\/nacionalfm\/wp-json\/wp\/v2\/categories?post=109888"},{"taxonomy":"post_tag","embeddable":true,"href":"https:\/\/sertv.gob.pa\/nacionalfm\/wp-json\/wp\/v2\/tags?post=109888"}],"curies":[{"name":"wp","href":"https:\/\/api.w.org\/{rel}","templated":true}]}}