{"id":109895,"date":"2025-07-11T09:34:45","date_gmt":"2025-07-11T14:34:45","guid":{"rendered":"https:\/\/sertv.gob.pa\/nacionalfm\/?p=109895"},"modified":"2025-07-11T09:34:45","modified_gmt":"2025-07-11T14:34:45","slug":"confianza-empresarial-vasca-fortalece-liderazgo-de-panama-como-destino-global-luego-de-la-exclusion-de-listas-europea","status":"publish","type":"post","link":"https:\/\/sertv.gob.pa\/nacionalfm\/confianza-empresarial-vasca-fortalece-liderazgo-de-panama-como-destino-global-luego-de-la-exclusion-de-listas-europea\/","title":{"rendered":"Confianza empresarial vasca, fortalece liderazgo de Panam\u00e1 como destino global, luego de la exclusi\u00f3n de listas europea"},"content":{"rendered":"<p><em><strong>Panam\u00e1 sigue fortaleciendo su posici\u00f3n estrat\u00e9gica como destino clave para la inversi\u00f3n extranjera directa y la cooperaci\u00f3n tecnol\u00f3gica internacional, impulsado por la reciente exclusi\u00f3n del pa\u00eds, de la lista europea de jurisdicciones de alto riesgo en materia de lucha contra el blanqueo de capitales y financiamiento del terrorismo, as\u00ed como por el creciente inter\u00e9s internacional demostrado por importantes grupos empresariales.<\/strong><\/em><\/p>\n<p><strong>En este contexto favorable, el ministro de Comercio e Industrias de Panam\u00e1, Julio Molt\u00f3, recibi\u00f3 hace poco, a una destacada delegaci\u00f3n empresarial del Pa\u00eds Vasco, la cual se mostr\u00f3 interesada en explorar oportunidades concretas en sectores clave como: log\u00edstica avanzada, manufactura de alta tecnolog\u00eda, movilidad sostenible, energ\u00edas renovables y desarrollo urbano inteligente, \u00e1reas estrat\u00e9gicas del Plan Estrat\u00e9gico de Gobierno (PEG) 2025-2029.<\/strong><\/p>\n<p><strong>En este sentido, el ministro Molt\u00f3, enfatiz\u00f3 que, estos hechos reflejan una confianza creciente y clara hacia Panam\u00e1 por parte del sector privado internacional: \u00bbEl inter\u00e9s expresado por importantes empresarios vascos, sumado a la reciente exclusi\u00f3n de Panam\u00e1 de las listas restrictivas europeas, refuerzan significativamente la percepci\u00f3n internacional positiva sobre nuestro pa\u00eds. Esto abre una nueva etapa con condiciones inmejorables para captar inversiones productivas, consolidando as\u00ed nuestro compromiso con la generaci\u00f3n de empleo, la diversificaci\u00f3n econ\u00f3mica y el desarrollo sostenible.\u00bb<\/strong><\/p>\n<p><strong>Hay que mencionar, que durante los primeros cinco meses de 2025, Panam\u00e1, alcanz\u00f3 cifras r\u00e9cord en exportaciones registradas, sumando B\/. 437.8 millones, lo que representa un crecimiento del 14.6% respecto al mismo per\u00edodo del a\u00f1o anterior. Se espera que esta cifra aumente significativamente en los pr\u00f3ximos a\u00f1os, debido al renovado inter\u00e9s empresarial internacional generado por la reciente exclusi\u00f3n europea, que proyecta incrementos de entre 10% y 20% en flujos de inversi\u00f3n extranjera directa.<\/strong><\/p>\n<p><strong>Con estos avances estrat\u00e9gicos, Panam\u00e1, reafirma su compromiso de consolidarse como una plataforma regional l\u00edder en inversi\u00f3n, innovaci\u00f3n tecnol\u00f3gica y desarrollo econ\u00f3mico, proyect\u00e1ndose hacia un crecimiento sostenible y mayor bienestar para todos los paname\u00f1os.<\/strong><\/p>\n<p>&nbsp;<\/p>\n","protected":false},"excerpt":{"rendered":"<p>Panam\u00e1 sigue fortaleciendo su posici\u00f3n estrat\u00e9gica como destino clave para <a href=\"https:\/\/sertv.gob.pa\/nacionalfm\/confianza-empresarial-vasca-fortalece-liderazgo-de-panama-como-destino-global-luego-de-la-exclusion-de-listas-europea\/\"> [&#8230;]<\/a><\/p>\n","protected":false},"author":9,"featured_media":109896,"comment_status":"closed","ping_status":"closed","sticky":false,"template":"","format":"standard","meta":{"footnotes":""},"categories":[2],"tags":[],"class_list":["post-109895","post","type-post","status-publish","format-standard","has-post-thumbnail","hentry","category-nacionales"],"_links":{"self":[{"href":"https:\/\/sertv.gob.pa\/nacionalfm\/wp-json\/wp\/v2\/posts\/109895","targetHints":{"allow":["GET"]}}],"collection":[{"href":"https:\/\/sertv.gob.pa\/nacionalfm\/wp-json\/wp\/v2\/posts"}],"about":[{"href":"https:\/\/sertv.gob.pa\/nacionalfm\/wp-json\/wp\/v2\/types\/post"}],"author":[{"embeddable":true,"href":"https:\/\/sertv.gob.pa\/nacionalfm\/wp-json\/wp\/v2\/users\/9"}],"replies":[{"embeddable":true,"href":"https:\/\/sertv.gob.pa\/nacionalfm\/wp-json\/wp\/v2\/comments?post=109895"}],"version-history":[{"count":2,"href":"https:\/\/sertv.gob.pa\/nacionalfm\/wp-json\/wp\/v2\/posts\/109895\/revisions"}],"predecessor-version":[{"id":109898,"href":"https:\/\/sertv.gob.pa\/nacionalfm\/wp-json\/wp\/v2\/posts\/109895\/revisions\/109898"}],"wp:featuredmedia":[{"embeddable":true,"href":"https:\/\/sertv.gob.pa\/nacionalfm\/wp-json\/wp\/v2\/media\/109896"}],"wp:attachment":[{"href":"https:\/\/sertv.gob.pa\/nacionalfm\/wp-json\/wp\/v2\/media?parent=109895"}],"wp:term":[{"taxonomy":"category","embeddable":true,"href":"https:\/\/sertv.gob.pa\/nacionalfm\/wp-json\/wp\/v2\/categories?post=109895"},{"taxonomy":"post_tag","embeddable":true,"href":"https:\/\/sertv.gob.pa\/nacionalfm\/wp-json\/wp\/v2\/tags?post=109895"}],"curies":[{"name":"wp","href":"https:\/\/api.w.org\/{rel}","templated":true}]}}