{"id":109899,"date":"2025-07-11T09:59:29","date_gmt":"2025-07-11T14:59:29","guid":{"rendered":"https:\/\/sertv.gob.pa\/nacionalfm\/?p=109899"},"modified":"2025-07-11T09:59:29","modified_gmt":"2025-07-11T14:59:29","slug":"autoridades-del-mitradel-y-zona-libre-de-colon-firman-convenio-de-cooperacion-interinstitucional-a-fin-de-robustecer-la-empleabilidad-en-colon","status":"publish","type":"post","link":"https:\/\/sertv.gob.pa\/nacionalfm\/autoridades-del-mitradel-y-zona-libre-de-colon-firman-convenio-de-cooperacion-interinstitucional-a-fin-de-robustecer-la-empleabilidad-en-colon\/","title":{"rendered":"Autoridades del MITRADEL y Zona Libre de Col\u00f3n, firman Convenio de Cooperaci\u00f3n Interinstitucional, a fin de robustecer la empleabilidad en Col\u00f3n"},"content":{"rendered":"<div class=\"fusion-fullwidth fullwidth-box fusion-builder-row-1 fusion-flex-container has-pattern-background has-mask-background nonhundred-percent-fullwidth non-hundred-percent-height-scrolling\" style=\"--awb-border-radius-top-left:0px;--awb-border-radius-top-right:0px;--awb-border-radius-bottom-right:0px;--awb-border-radius-bottom-left:0px;--awb-flex-wrap:wrap;\" ><div class=\"fusion-builder-row fusion-row fusion-flex-align-items-flex-start fusion-flex-content-wrap\" style=\"max-width:1144px;margin-left: calc(-4% \/ 2 );margin-right: calc(-4% \/ 2 );\"><div class=\"fusion-layout-column fusion_builder_column fusion-builder-column-0 fusion_builder_column_1_1 1_1 fusion-flex-column\" style=\"--awb-bg-size:cover;--awb-width-large:100%;--awb-margin-top-large:0px;--awb-spacing-right-large:1.92%;--awb-margin-bottom-large:20px;--awb-spacing-left-large:1.92%;--awb-width-medium:100%;--awb-order-medium:0;--awb-spacing-right-medium:1.92%;--awb-spacing-left-medium:1.92%;--awb-width-small:100%;--awb-order-small:0;--awb-spacing-right-small:1.92%;--awb-spacing-left-small:1.92%;\"><div class=\"fusion-column-wrapper fusion-column-has-shadow fusion-flex-justify-content-flex-start fusion-content-layout-column\"><div class=\"fusion-text fusion-text-1\" style=\"--awb-content-alignment:justify;\"><p><strong><em>\u2022 Este convenio permitir\u00e1 que los colonenses puedan acceder a programas de intermediaci\u00f3n laboral, formaci\u00f3n para el empleo y orientaci\u00f3n ocupacional.<\/em><\/strong><\/p>\n<p><strong>El facilitar la promoci\u00f3n de oportunidades de empleo, acceso a programas de intermediaci\u00f3n laboral, formaci\u00f3n para el empleo y orientaci\u00f3n ocupacional, son algunos de los beneficios a los que podr\u00e1n tener acceso los colonenses, gracias a la firma del Convenio de Cooperaci\u00f3n Institucional firmado entre la ministra de Trabajo y Desarrollo Laboral de Panam\u00e1, Jackeline Mu\u00f1oz de Cede\u00f1o y la gerente general de la Zona Libre de Col\u00f3n (ZOLICOL), Luisa Napolitano.<\/strong><\/p>\n<p><strong>Este convenio de cooperaci\u00f3n, facilitar\u00e1 mediante la bolsa electr\u00f3nica de empleo del MITRADEL, la inserci\u00f3n al mercado laboral de ciudadanos de la provincia de Col\u00f3n que est\u00e9n en busca de empleo, mediante la intermediaci\u00f3n laboral con las empresas que oferten plazas laborales y requieran capital humano con talento acreditado y con perfil espec\u00edfico.<\/strong><\/p>\n<p><strong>Sobre este particular, la ministra de Trabajo y Desarrollo Laboral de Panam\u00e1, Jackeline Mu\u00f1oz de Cede\u00f1o, dio a conocer que, la entidad laboral, a trav\u00e9s del Gobierno Nacional, liderado por el presidente, Jos\u00e9 Ra\u00fal Mulino Quintero, impulsa pol\u00edticas p\u00fablicas dirigidas a garantizar el trabajo decente, la inclusi\u00f3n laboral y la mejora de las condiciones de empleabilidad en el pa\u00eds.<\/strong><\/p>\n<p><strong>\u201cNuestra administraci\u00f3n, se caracteriza por humanizar la b\u00fasqueda de empleo, es decir, acercar al sector productivo justo con las plazas de trabajo que hay disponibles para las capacidades que tienen cada uno de los paname\u00f1os\u201d, enfatiz\u00f3 la jefa de la cartera laboral, quien agreg\u00f3 que, a trav\u00e9s de este convenio, se impulsar\u00e1 mecanismos de cooperaci\u00f3n que facilite la inserci\u00f3n laboral de j\u00f3venes, mujeres y personas en situaci\u00f3n de vulnerabilidad, mediante reclutamientos focalizados, que se traduzcan en empleos formales, estables y de calidad para todos los colonenses.<\/strong><\/p>\n<p><strong>Por otro lado, la gerente general de la Zona Libre de Col\u00f3n, Luisa Napolitano, reiter\u00f3 el compromiso de la zona franca, de contribuir al bienestar integral de la poblaci\u00f3n colonense, a trav\u00e9s de iniciativas que fortalezcan la empleabilidad, fomenten la inclusi\u00f3n laboral y mejoren las condiciones socioecon\u00f3micas de los ciudadanos de la provincia, enfatiz\u00f3 que, las empresas usuarias de la ZLC, contar\u00e1n con un canal eficiente para publicar sus ofertas y encontrar talento local calificado mientras que los buscadores de empleo tendr\u00e1n m\u00e1s oportunidades y apoyo para integrarse al mercado laboral.<\/strong><\/p>\n<\/div><div class=\"awb-gallery-wrapper awb-gallery-wrapper-1 button-span-no\" style=\"--more-btn-alignment:center;\"><div style=\"margin:-5px;--awb-bordersize:0px;\" class=\"fusion-gallery fusion-gallery-container fusion-grid-3 fusion-columns-total-1 fusion-gallery-layout-grid fusion-gallery-1\"><div style=\"padding:5px;\" class=\"fusion-grid-column fusion-gallery-column fusion-gallery-column-3 hover-type-none\"><div class=\"fusion-gallery-image\"><a href=\"https:\/\/sertv.gob.pa\/nacionalfm\/wp-content\/uploads\/sites\/6\/2025\/07\/MITRADEL-Y-ZOLICOL-2.jpg\" rel=\"noreferrer\" data-rel=\"iLightbox[gallery_image_1]\" class=\"fusion-lightbox\" target=\"_self\"><img decoding=\"async\" src=\"https:\/\/sertv.gob.pa\/nacionalfm\/wp-content\/uploads\/sites\/6\/2025\/07\/MITRADEL-Y-ZOLICOL-2.jpg\" width=\"600\" height=\"400\" alt=\"\" title=\"MITRADEL Y ZOLICOL 2\" aria-label=\"MITRADEL Y ZOLICOL 2\" class=\"img-responsive wp-image-109901\" srcset=\"https:\/\/sertv.gob.pa\/nacionalfm\/wp-content\/uploads\/sites\/6\/2025\/07\/MITRADEL-Y-ZOLICOL-2-200x133.jpg 200w, https:\/\/sertv.gob.pa\/nacionalfm\/wp-content\/uploads\/sites\/6\/2025\/07\/MITRADEL-Y-ZOLICOL-2-400x267.jpg 400w, https:\/\/sertv.gob.pa\/nacionalfm\/wp-content\/uploads\/sites\/6\/2025\/07\/MITRADEL-Y-ZOLICOL-2.jpg 600w\" sizes=\"(min-width: 2200px) 100vw, (min-width: 784px) 363px, (min-width: 712px) 545px, (min-width: 640px) 712px, \" \/><\/a><\/div><\/div><\/div><\/div><\/div><\/div><\/div><\/div>\n","protected":false},"excerpt":{"rendered":"","protected":false},"author":9,"featured_media":109900,"comment_status":"closed","ping_status":"closed","sticky":false,"template":"","format":"standard","meta":{"footnotes":""},"categories":[2],"tags":[],"class_list":["post-109899","post","type-post","status-publish","format-standard","has-post-thumbnail","hentry","category-nacionales"],"_links":{"self":[{"href":"https:\/\/sertv.gob.pa\/nacionalfm\/wp-json\/wp\/v2\/posts\/109899","targetHints":{"allow":["GET"]}}],"collection":[{"href":"https:\/\/sertv.gob.pa\/nacionalfm\/wp-json\/wp\/v2\/posts"}],"about":[{"href":"https:\/\/sertv.gob.pa\/nacionalfm\/wp-json\/wp\/v2\/types\/post"}],"author":[{"embeddable":true,"href":"https:\/\/sertv.gob.pa\/nacionalfm\/wp-json\/wp\/v2\/users\/9"}],"replies":[{"embeddable":true,"href":"https:\/\/sertv.gob.pa\/nacionalfm\/wp-json\/wp\/v2\/comments?post=109899"}],"version-history":[{"count":2,"href":"https:\/\/sertv.gob.pa\/nacionalfm\/wp-json\/wp\/v2\/posts\/109899\/revisions"}],"predecessor-version":[{"id":109903,"href":"https:\/\/sertv.gob.pa\/nacionalfm\/wp-json\/wp\/v2\/posts\/109899\/revisions\/109903"}],"wp:featuredmedia":[{"embeddable":true,"href":"https:\/\/sertv.gob.pa\/nacionalfm\/wp-json\/wp\/v2\/media\/109900"}],"wp:attachment":[{"href":"https:\/\/sertv.gob.pa\/nacionalfm\/wp-json\/wp\/v2\/media?parent=109899"}],"wp:term":[{"taxonomy":"category","embeddable":true,"href":"https:\/\/sertv.gob.pa\/nacionalfm\/wp-json\/wp\/v2\/categories?post=109899"},{"taxonomy":"post_tag","embeddable":true,"href":"https:\/\/sertv.gob.pa\/nacionalfm\/wp-json\/wp\/v2\/tags?post=109899"}],"curies":[{"name":"wp","href":"https:\/\/api.w.org\/{rel}","templated":true}]}}