{"id":10992,"date":"2016-03-01T18:18:06","date_gmt":"2016-03-01T18:18:06","guid":{"rendered":""},"modified":"2016-03-01T18:18:06","modified_gmt":"2016-03-01T18:18:06","slug":"v-reunion-de-la-red-panamericana-de-investigacion-de-dengue","status":"publish","type":"post","link":"https:\/\/sertv.gob.pa\/nacionalfm\/v-reunion-de-la-red-panamericana-de-investigacion-de-dengue\/","title":{"rendered":"V reuni\u00f3n de La Red Panamericana de Investigaci\u00f3n de Dengue"},"content":{"rendered":"<p>\nEn Panam\u00e1 del pr\u00f3ximo 20 al 23 de abril se dar\u00e1n cita reconocidos expertos del todo el mundo para la V reuni\u00f3n de La Red Panamericana de Investigaci\u00f3n de Dengue (Pandenguenet). <\/p>\n<p>Este congreso que tiene lugar cada dos a\u00f1os por primera vez acoger\u00e1, adem\u00e1s de dengue, temas de chikungunya, zika y otros arbovirus (un grupo de virus que se transmite a trav\u00e9s de mosquitos, garrapatas y otros artr\u00f3podos). <\/p>\n<p>La reuni\u00f3n se realizar\u00e1 en el hotel Riu y se espera la asistencia de entre 400 y 600 personas de todo el mundo, as\u00ed como especialistas locales y estudiantes. <\/p>\n<p>\u00a0 <\/p>\n","protected":false},"excerpt":{"rendered":"<p>En Panam\u00e1 del pr\u00f3ximo 20 al 23 de abril se <a href=\"https:\/\/sertv.gob.pa\/nacionalfm\/v-reunion-de-la-red-panamericana-de-investigacion-de-dengue\/\"> [&#8230;]<\/a><\/p>\n","protected":false},"author":1,"featured_media":10993,"comment_status":"closed","ping_status":"closed","sticky":false,"template":"","format":"standard","meta":{"footnotes":""},"categories":[5],"tags":[],"class_list":["post-10992","post","type-post","status-publish","format-standard","has-post-thumbnail","hentry","category-salud"],"_links":{"self":[{"href":"https:\/\/sertv.gob.pa\/nacionalfm\/wp-json\/wp\/v2\/posts\/10992","targetHints":{"allow":["GET"]}}],"collection":[{"href":"https:\/\/sertv.gob.pa\/nacionalfm\/wp-json\/wp\/v2\/posts"}],"about":[{"href":"https:\/\/sertv.gob.pa\/nacionalfm\/wp-json\/wp\/v2\/types\/post"}],"author":[{"embeddable":true,"href":"https:\/\/sertv.gob.pa\/nacionalfm\/wp-json\/wp\/v2\/users\/1"}],"replies":[{"embeddable":true,"href":"https:\/\/sertv.gob.pa\/nacionalfm\/wp-json\/wp\/v2\/comments?post=10992"}],"version-history":[{"count":0,"href":"https:\/\/sertv.gob.pa\/nacionalfm\/wp-json\/wp\/v2\/posts\/10992\/revisions"}],"wp:featuredmedia":[{"embeddable":true,"href":"https:\/\/sertv.gob.pa\/nacionalfm\/wp-json\/wp\/v2\/media\/10993"}],"wp:attachment":[{"href":"https:\/\/sertv.gob.pa\/nacionalfm\/wp-json\/wp\/v2\/media?parent=10992"}],"wp:term":[{"taxonomy":"category","embeddable":true,"href":"https:\/\/sertv.gob.pa\/nacionalfm\/wp-json\/wp\/v2\/categories?post=10992"},{"taxonomy":"post_tag","embeddable":true,"href":"https:\/\/sertv.gob.pa\/nacionalfm\/wp-json\/wp\/v2\/tags?post=10992"}],"curies":[{"name":"wp","href":"https:\/\/api.w.org\/{rel}","templated":true}]}}