{"id":109929,"date":"2025-07-11T13:39:38","date_gmt":"2025-07-11T18:39:38","guid":{"rendered":"https:\/\/sertv.gob.pa\/nacionalfm\/?p=109929"},"modified":"2025-07-11T13:39:38","modified_gmt":"2025-07-11T18:39:38","slug":"ifarhu-refuerza-compromiso-educativo-a-traves-de-alianzas-estrategicas-con-universidades-privadas-de-panama","status":"publish","type":"post","link":"https:\/\/sertv.gob.pa\/nacionalfm\/ifarhu-refuerza-compromiso-educativo-a-traves-de-alianzas-estrategicas-con-universidades-privadas-de-panama\/","title":{"rendered":"IFARHU, refuerza compromiso educativo a trav\u00e9s de alianzas estrat\u00e9gicas con universidades privadas de Panam\u00e1"},"content":{"rendered":"<p><em><strong>El Instituto para la Formaci\u00f3n y Aprovechamiento de Recursos Humanos de Panam\u00e1 (IFARHU), sigue reforzando su compromiso con la educaci\u00f3n superior de los j\u00f3venes paname\u00f1os a trav\u00e9s del fortalecimiento de alianzas estrat\u00e9gicas con universidades del pa\u00eds.<\/strong><\/em><\/p>\n<p><strong>Por ello, Carlos Godoy, director general del IFARHU, anunci\u00f3 avances significativos tras recientes reuniones con autoridades de la Universidad Interamericana de Panam\u00e1, la Universidad Latina y la Universidad Americana. \u201cTenemos buenas noticias para nuestros becarios y prestatarios, gracias a este acercamiento, ya no tendr\u00e1n complicaciones para poder matricularse ni graduarse\u201d. \u201cEl IFARHU, trabaja arduamente en ordenar sus finanzas para garantizar que nuestros beneficiarios puedan completar sus estudios superiores sin contratiempos\u201d, asegur\u00f3.<\/strong><\/p>\n<p><strong>Por otra parte, Alejandro Lorenzo, director ejecutivo de las universidades, reafirm\u00f3 la voluntad de cooperaci\u00f3n entre las instituciones. \u201cEstamos trabajando conjuntamente para dar un mejor servicio a nuestros estudiantes beneficiarios con becas del IFARHU.<\/strong><\/p>\n<p><strong>Nuestra meta compartida es mejorar la educaci\u00f3n de los j\u00f3venes paname\u00f1os y brindarles m\u00e1s oportunidades\u201d, detall\u00f3.<\/strong><\/p>\n<p><strong>Este esfuerzo conjunto representa un paso importante en la mejora de la experiencia acad\u00e9mica y administrativa de los estudiantes beneficiados por programas del IFARHU, consolidando el acceso y la permanencia en la educaci\u00f3n superior.<\/strong><\/p>\n","protected":false},"excerpt":{"rendered":"<p>El Instituto para la Formaci\u00f3n y Aprovechamiento de Recursos Humanos <a href=\"https:\/\/sertv.gob.pa\/nacionalfm\/ifarhu-refuerza-compromiso-educativo-a-traves-de-alianzas-estrategicas-con-universidades-privadas-de-panama\/\"> [&#8230;]<\/a><\/p>\n","protected":false},"author":9,"featured_media":109930,"comment_status":"closed","ping_status":"closed","sticky":false,"template":"","format":"standard","meta":{"footnotes":""},"categories":[2],"tags":[],"class_list":["post-109929","post","type-post","status-publish","format-standard","has-post-thumbnail","hentry","category-nacionales"],"_links":{"self":[{"href":"https:\/\/sertv.gob.pa\/nacionalfm\/wp-json\/wp\/v2\/posts\/109929","targetHints":{"allow":["GET"]}}],"collection":[{"href":"https:\/\/sertv.gob.pa\/nacionalfm\/wp-json\/wp\/v2\/posts"}],"about":[{"href":"https:\/\/sertv.gob.pa\/nacionalfm\/wp-json\/wp\/v2\/types\/post"}],"author":[{"embeddable":true,"href":"https:\/\/sertv.gob.pa\/nacionalfm\/wp-json\/wp\/v2\/users\/9"}],"replies":[{"embeddable":true,"href":"https:\/\/sertv.gob.pa\/nacionalfm\/wp-json\/wp\/v2\/comments?post=109929"}],"version-history":[{"count":3,"href":"https:\/\/sertv.gob.pa\/nacionalfm\/wp-json\/wp\/v2\/posts\/109929\/revisions"}],"predecessor-version":[{"id":109933,"href":"https:\/\/sertv.gob.pa\/nacionalfm\/wp-json\/wp\/v2\/posts\/109929\/revisions\/109933"}],"wp:featuredmedia":[{"embeddable":true,"href":"https:\/\/sertv.gob.pa\/nacionalfm\/wp-json\/wp\/v2\/media\/109930"}],"wp:attachment":[{"href":"https:\/\/sertv.gob.pa\/nacionalfm\/wp-json\/wp\/v2\/media?parent=109929"}],"wp:term":[{"taxonomy":"category","embeddable":true,"href":"https:\/\/sertv.gob.pa\/nacionalfm\/wp-json\/wp\/v2\/categories?post=109929"},{"taxonomy":"post_tag","embeddable":true,"href":"https:\/\/sertv.gob.pa\/nacionalfm\/wp-json\/wp\/v2\/tags?post=109929"}],"curies":[{"name":"wp","href":"https:\/\/api.w.org\/{rel}","templated":true}]}}