{"id":109934,"date":"2025-07-11T14:04:46","date_gmt":"2025-07-11T19:04:46","guid":{"rendered":"https:\/\/sertv.gob.pa\/nacionalfm\/?p=109934"},"modified":"2025-07-11T14:04:46","modified_gmt":"2025-07-11T19:04:46","slug":"el-canciller-panameno-martinez-acha-vasquez-efectuara-gira-de-trabajo-a-europa-para-expresar-su-agradecimiento-por-la-exclusion-de-la-lista-discriminatoria","status":"publish","type":"post","link":"https:\/\/sertv.gob.pa\/nacionalfm\/el-canciller-panameno-martinez-acha-vasquez-efectuara-gira-de-trabajo-a-europa-para-expresar-su-agradecimiento-por-la-exclusion-de-la-lista-discriminatoria\/","title":{"rendered":"El canciller paname\u00f1o Mart\u00ednez-Acha V\u00e1squez, efectuar\u00e1 gira de trabajo a Europa para expresar su agradecimiento por la exclusi\u00f3n de la lista discriminatoria"},"content":{"rendered":"<p><em><strong>Luego de la exclusi\u00f3n de Panam\u00e1 de la lista discriminatoria por parte del Parlamento Europeo este mi\u00e9rcoles, el ministro de Relaciones Exteriores de Panam\u00e1, Javier Mart\u00ednez-Acha V\u00e1squez, iniciar\u00e1 un viaje este domingo, 13 de julio, que lo llevar\u00e1 a Bruselas (B\u00e9lgica), donde Panam\u00e1, participar\u00e1 en el primer Consejo de Asociaci\u00f3n en el marco del Acuerdo de Asociaci\u00f3n entre la Uni\u00f3n Europea y Am\u00e9rica Central.<\/strong><\/em><\/p>\n<p><strong>En esta ciudad, el jefe de la diplomacia paname\u00f1a, sostendr\u00e1 una reuni\u00f3n con Kaja Kallas, alta representante y vicepresidenta de la Comisi\u00f3n Europea, y con Javi L\u00f3pez, vicepresidente del Parlamento Europeo, a quienes aprovechar\u00e1 la ocasi\u00f3n, para agradecer el respaldo a Panam\u00e1, en el proceso de salida de la lista discriminatoria.<\/strong><\/p>\n<p><strong>Durante este primer consejo de asociaci\u00f3n en el marco del acuerdo de asociaci\u00f3n entre la Uni\u00f3n Europea y Am\u00e9rica Central, se abordar\u00e1n temas relacionados con: la migraci\u00f3n, la seguridad, los tr\u00e1ficos il\u00edcitos, el medio ambiente y el cambio clim\u00e1tico, la gobernanza de la inteligencia artificial y la cooperaci\u00f3n regional.<\/strong><\/p>\n<p><strong>El martes 15 de julio, est\u00e1 prevista la llegada a Viena del jefe de la diplomacia paname\u00f1a, quien al d\u00eda siguiente, sostendr\u00e1 reuniones con Beate Meini-Resinger, ministra federal de Asuntos Europeos e Internacionales de la Rep\u00fablica de Austria, y con Abdulhamid Alkhalifa, presidente del Fondo de la OPEP para el Desarrollo Internacional (OPEC Fund).<\/strong><\/p>\n<p><strong>Posteriormente, con Austria, Panam\u00e1, firmar\u00e1 un Memor\u00e1ndum de Entendimiento sobre Consultas Pol\u00edticas con el objetivo de estrechar las relaciones bilaterales en beneficio de ambos pueblos.<\/strong><\/p>\n<p><strong>De igual manera, se reunir\u00e1 con Cecilia Ugaz Estrada, directora adjunta general de la Organizaci\u00f3n de las Naciones Unidas para el Desarrollo Industrial (ONUDI); con Rafael Mariano Grossi, director general del Organismo Internacional de Energ\u00eda At\u00f3mica; y con a Bo Mathiasen, director de la Divisi\u00f3n de Operaciones de la ONUDD\/UNODC.<\/strong><\/p>\n<p><strong>Cabe resaltar, que en esta gira de trabajo, el canciller Mart\u00ednez-Acha V\u00e1squez, busca consolidar la diplomacia activa que Panam\u00e1, ha desplegado desde el inicio de la administraci\u00f3n del presidente, Jos\u00e9 Ra\u00fal Mulino, construyendo alianzas estrat\u00e9gicas con socios tradicionales, abriendo nuevos mercados y mejorando la reputaci\u00f3n del pa\u00eds.<\/strong><\/p>\n","protected":false},"excerpt":{"rendered":"<p>Luego de la exclusi\u00f3n de Panam\u00e1 de la lista discriminatoria <a href=\"https:\/\/sertv.gob.pa\/nacionalfm\/el-canciller-panameno-martinez-acha-vasquez-efectuara-gira-de-trabajo-a-europa-para-expresar-su-agradecimiento-por-la-exclusion-de-la-lista-discriminatoria\/\"> [&#8230;]<\/a><\/p>\n","protected":false},"author":9,"featured_media":109935,"comment_status":"closed","ping_status":"closed","sticky":false,"template":"","format":"standard","meta":{"footnotes":""},"categories":[2],"tags":[],"class_list":["post-109934","post","type-post","status-publish","format-standard","has-post-thumbnail","hentry","category-nacionales"],"_links":{"self":[{"href":"https:\/\/sertv.gob.pa\/nacionalfm\/wp-json\/wp\/v2\/posts\/109934","targetHints":{"allow":["GET"]}}],"collection":[{"href":"https:\/\/sertv.gob.pa\/nacionalfm\/wp-json\/wp\/v2\/posts"}],"about":[{"href":"https:\/\/sertv.gob.pa\/nacionalfm\/wp-json\/wp\/v2\/types\/post"}],"author":[{"embeddable":true,"href":"https:\/\/sertv.gob.pa\/nacionalfm\/wp-json\/wp\/v2\/users\/9"}],"replies":[{"embeddable":true,"href":"https:\/\/sertv.gob.pa\/nacionalfm\/wp-json\/wp\/v2\/comments?post=109934"}],"version-history":[{"count":2,"href":"https:\/\/sertv.gob.pa\/nacionalfm\/wp-json\/wp\/v2\/posts\/109934\/revisions"}],"predecessor-version":[{"id":109937,"href":"https:\/\/sertv.gob.pa\/nacionalfm\/wp-json\/wp\/v2\/posts\/109934\/revisions\/109937"}],"wp:featuredmedia":[{"embeddable":true,"href":"https:\/\/sertv.gob.pa\/nacionalfm\/wp-json\/wp\/v2\/media\/109935"}],"wp:attachment":[{"href":"https:\/\/sertv.gob.pa\/nacionalfm\/wp-json\/wp\/v2\/media?parent=109934"}],"wp:term":[{"taxonomy":"category","embeddable":true,"href":"https:\/\/sertv.gob.pa\/nacionalfm\/wp-json\/wp\/v2\/categories?post=109934"},{"taxonomy":"post_tag","embeddable":true,"href":"https:\/\/sertv.gob.pa\/nacionalfm\/wp-json\/wp\/v2\/tags?post=109934"}],"curies":[{"name":"wp","href":"https:\/\/api.w.org\/{rel}","templated":true}]}}