{"id":109938,"date":"2025-07-11T14:14:30","date_gmt":"2025-07-11T19:14:30","guid":{"rendered":"https:\/\/sertv.gob.pa\/nacionalfm\/?p=109938"},"modified":"2025-07-11T14:14:30","modified_gmt":"2025-07-11T19:14:30","slug":"comunicado-del-idaan","status":"publish","type":"post","link":"https:\/\/sertv.gob.pa\/nacionalfm\/comunicado-del-idaan\/","title":{"rendered":"COMUNICADO DEL IDAAN"},"content":{"rendered":"<p><em><strong>Para continuar el plan de modernizaci\u00f3n de la potabilizadora de Chilibre se suspender\u00e1 temporalmente su operaci\u00f3n este s\u00e1bado 12 de julio a partir de las 7:00 de la noche hasta las 4:00 de la tarde del domingo 13 de julio.<\/strong><\/em><\/p>\n","protected":false},"excerpt":{"rendered":"<p>Para continuar el plan de modernizaci\u00f3n de la potabilizadora de <a href=\"https:\/\/sertv.gob.pa\/nacionalfm\/comunicado-del-idaan\/\"> [&#8230;]<\/a><\/p>\n","protected":false},"author":9,"featured_media":109939,"comment_status":"closed","ping_status":"closed","sticky":false,"template":"","format":"standard","meta":{"footnotes":""},"categories":[2],"tags":[],"class_list":["post-109938","post","type-post","status-publish","format-standard","has-post-thumbnail","hentry","category-nacionales"],"_links":{"self":[{"href":"https:\/\/sertv.gob.pa\/nacionalfm\/wp-json\/wp\/v2\/posts\/109938","targetHints":{"allow":["GET"]}}],"collection":[{"href":"https:\/\/sertv.gob.pa\/nacionalfm\/wp-json\/wp\/v2\/posts"}],"about":[{"href":"https:\/\/sertv.gob.pa\/nacionalfm\/wp-json\/wp\/v2\/types\/post"}],"author":[{"embeddable":true,"href":"https:\/\/sertv.gob.pa\/nacionalfm\/wp-json\/wp\/v2\/users\/9"}],"replies":[{"embeddable":true,"href":"https:\/\/sertv.gob.pa\/nacionalfm\/wp-json\/wp\/v2\/comments?post=109938"}],"version-history":[{"count":1,"href":"https:\/\/sertv.gob.pa\/nacionalfm\/wp-json\/wp\/v2\/posts\/109938\/revisions"}],"predecessor-version":[{"id":109940,"href":"https:\/\/sertv.gob.pa\/nacionalfm\/wp-json\/wp\/v2\/posts\/109938\/revisions\/109940"}],"wp:featuredmedia":[{"embeddable":true,"href":"https:\/\/sertv.gob.pa\/nacionalfm\/wp-json\/wp\/v2\/media\/109939"}],"wp:attachment":[{"href":"https:\/\/sertv.gob.pa\/nacionalfm\/wp-json\/wp\/v2\/media?parent=109938"}],"wp:term":[{"taxonomy":"category","embeddable":true,"href":"https:\/\/sertv.gob.pa\/nacionalfm\/wp-json\/wp\/v2\/categories?post=109938"},{"taxonomy":"post_tag","embeddable":true,"href":"https:\/\/sertv.gob.pa\/nacionalfm\/wp-json\/wp\/v2\/tags?post=109938"}],"curies":[{"name":"wp","href":"https:\/\/api.w.org\/{rel}","templated":true}]}}