{"id":10994,"date":"2016-03-01T18:29:05","date_gmt":"2016-03-01T18:29:05","guid":{"rendered":""},"modified":"2016-03-01T18:29:05","modified_gmt":"2016-03-01T18:29:05","slug":"preferencia-por-comida-poco-sana-provoca-el-insomnio","status":"publish","type":"post","link":"https:\/\/sertv.gob.pa\/nacionalfm\/preferencia-por-comida-poco-sana-provoca-el-insomnio\/","title":{"rendered":"Preferencia por comida poco sana provoca el insomnio"},"content":{"rendered":"<p>\nLa falta de sue\u00f1o incrementa los niveles en sangre de una se\u00f1al qu\u00edmica que amplifica el gusto por la comida y, en particular, por los aperitivos dulces o salados con alto contenido en grasa, seg\u00fan un estudio publicado por la revista Sleep, rese\u00f1a NTN24.\u00a0 <\/p>\n<p>El trabajo, que incide en la relaci\u00f3n entre dormir poco y el aumento de peso, fue llevado a cabo entre 14 voluntarios j\u00f3venes y sanos, que privados de sue\u00f1o no pudieron resistirse a galletas, caramelos o patatas fritas, comida a la que los cient\u00edficos se refieren como aperitivos altamente \u00abgratificantes\u00bb. <\/p>\n<p>Los j\u00f3venes cayeron en la tentaci\u00f3n de ese tipo de aperitivos a pesar de que s\u00f3lo dos horas antes hab\u00edan ingerido una comida que cubr\u00eda el 90 % de sus necesidades cal\u00f3ricas diarias. <\/p>\n<p>El estudio se\u00f1ala que los efectos de la falta de sue\u00f1o en el apetito eran m\u00e1s poderosos a \u00faltima hora de la tarde y primera de la noche, momentos en los que picar entre horas se ha vinculado con el aumento de peso. <\/p>\n<p>\u00abDescubrimos que la falta de sue\u00f1o estimula una se\u00f1al que puede aumentar el aspecto hedonista de la ingesta de alimento, el placer y la satisfacci\u00f3n a trav\u00e9s de la comida\u00bb, seg\u00fan dijo la endocrin\u00f3loga de la Universidad de Chicago Erin Hanlon, una de las autoras del estudio. <\/p>\n<p>\u00a0 <\/p>\n<p>\u00a0 <\/p>\n","protected":false},"excerpt":{"rendered":"<p>La falta de sue\u00f1o incrementa los niveles en sangre de <a href=\"https:\/\/sertv.gob.pa\/nacionalfm\/preferencia-por-comida-poco-sana-provoca-el-insomnio\/\"> [&#8230;]<\/a><\/p>\n","protected":false},"author":1,"featured_media":10995,"comment_status":"closed","ping_status":"closed","sticky":false,"template":"","format":"standard","meta":{"footnotes":""},"categories":[5],"tags":[],"class_list":["post-10994","post","type-post","status-publish","format-standard","has-post-thumbnail","hentry","category-salud"],"_links":{"self":[{"href":"https:\/\/sertv.gob.pa\/nacionalfm\/wp-json\/wp\/v2\/posts\/10994","targetHints":{"allow":["GET"]}}],"collection":[{"href":"https:\/\/sertv.gob.pa\/nacionalfm\/wp-json\/wp\/v2\/posts"}],"about":[{"href":"https:\/\/sertv.gob.pa\/nacionalfm\/wp-json\/wp\/v2\/types\/post"}],"author":[{"embeddable":true,"href":"https:\/\/sertv.gob.pa\/nacionalfm\/wp-json\/wp\/v2\/users\/1"}],"replies":[{"embeddable":true,"href":"https:\/\/sertv.gob.pa\/nacionalfm\/wp-json\/wp\/v2\/comments?post=10994"}],"version-history":[{"count":0,"href":"https:\/\/sertv.gob.pa\/nacionalfm\/wp-json\/wp\/v2\/posts\/10994\/revisions"}],"wp:featuredmedia":[{"embeddable":true,"href":"https:\/\/sertv.gob.pa\/nacionalfm\/wp-json\/wp\/v2\/media\/10995"}],"wp:attachment":[{"href":"https:\/\/sertv.gob.pa\/nacionalfm\/wp-json\/wp\/v2\/media?parent=10994"}],"wp:term":[{"taxonomy":"category","embeddable":true,"href":"https:\/\/sertv.gob.pa\/nacionalfm\/wp-json\/wp\/v2\/categories?post=10994"},{"taxonomy":"post_tag","embeddable":true,"href":"https:\/\/sertv.gob.pa\/nacionalfm\/wp-json\/wp\/v2\/tags?post=10994"}],"curies":[{"name":"wp","href":"https:\/\/api.w.org\/{rel}","templated":true}]}}