{"id":109941,"date":"2025-07-14T08:39:37","date_gmt":"2025-07-14T13:39:37","guid":{"rendered":"https:\/\/sertv.gob.pa\/nacionalfm\/?p=109941"},"modified":"2025-07-14T08:39:37","modified_gmt":"2025-07-14T13:39:37","slug":"el-lunes-14-de-julio-todos-a-clases-el-meduca-firma-junto-a-representantes-de-gremios-docentes-la-declaracion-de-principios-por-la-educacion-y-por-el-retorno-inmediato-e-ininterrumpido-a-clases","status":"publish","type":"post","link":"https:\/\/sertv.gob.pa\/nacionalfm\/el-lunes-14-de-julio-todos-a-clases-el-meduca-firma-junto-a-representantes-de-gremios-docentes-la-declaracion-de-principios-por-la-educacion-y-por-el-retorno-inmediato-e-ininterrumpido-a-clases\/","title":{"rendered":"El lunes, 14 de julio, todos a clases: el MEDUCA firma junto a representantes de gremios docentes la Declaraci\u00f3n de Principios por la Educaci\u00f3n y por el Retorno Inmediato e Ininterrumpido a Clases"},"content":{"rendered":"<div class=\"fusion-fullwidth fullwidth-box fusion-builder-row-1 fusion-flex-container has-pattern-background has-mask-background nonhundred-percent-fullwidth non-hundred-percent-height-scrolling\" style=\"--awb-border-radius-top-left:0px;--awb-border-radius-top-right:0px;--awb-border-radius-bottom-right:0px;--awb-border-radius-bottom-left:0px;--awb-flex-wrap:wrap;\" ><div class=\"fusion-builder-row fusion-row fusion-flex-align-items-flex-start fusion-flex-content-wrap\" style=\"max-width:1144px;margin-left: calc(-4% \/ 2 );margin-right: calc(-4% \/ 2 );\"><div class=\"fusion-layout-column fusion_builder_column fusion-builder-column-0 fusion_builder_column_1_1 1_1 fusion-flex-column\" style=\"--awb-bg-size:cover;--awb-width-large:100%;--awb-margin-top-large:0px;--awb-spacing-right-large:1.92%;--awb-margin-bottom-large:20px;--awb-spacing-left-large:1.92%;--awb-width-medium:100%;--awb-order-medium:0;--awb-spacing-right-medium:1.92%;--awb-spacing-left-medium:1.92%;--awb-width-small:100%;--awb-order-small:0;--awb-spacing-right-small:1.92%;--awb-spacing-left-small:1.92%;\"><div class=\"fusion-column-wrapper fusion-column-has-shadow fusion-flex-justify-content-flex-start fusion-content-layout-column\"><div class=\"fusion-text fusion-text-1\" style=\"--awb-content-alignment:justify;\"><p><strong>Con el fin de garantizar a los estudiantes el derecho a la educaci\u00f3n, las clases se reactivar\u00e1n este lunes 14 de julio, luego de que el Ministerio de Educaci\u00f3n de Panam\u00e1 (MEDUCA), en conjunto con representantes de los gremios docentes y en presencia de la Asamblea Nacional de Diputados \u2014representada por su honorable presidente, Jorge Luis Herrera\u2014, as\u00ed como del Consejo Nacional de la Empresa Privada (CONEP), representado por Gabriel Diez, lograran llegar a un acuerdo con la finalidad de normalizar y restituir el servicio educativo.<\/strong><\/p>\n<p><strong>La ministra de Educaci\u00f3n de Panam\u00e1, Lucy Molinar, indic\u00f3 que \u00a8aqu\u00ed lo \u00fanico que cuenta es devolverle el sistema educativo a la educaci\u00f3n del pa\u00eds. Tenemos el deber de atender a nuestros ni\u00f1os, porque moralmente no pod\u00edamos seguir como est\u00e1bamos; le est\u00e1bamos haciendo un gran da\u00f1o a nuestra juventud\u00a8.<\/strong><\/p>\n<p><strong>Por su parte, el presidente de la Asamblea Nacional de Diputados, Jorge Luis Herrera, expres\u00f3: Como primer \u00f3rgano del Estado, nos sentimos muy satisfechos de haber servido como puente de comunicaci\u00f3n para el pa\u00eds, en favor de la paz y la tranquilidad del pueblo paname\u00f1o.<\/strong><\/p>\n<p><strong>Mientras tanto, el representante del Consejo Nacional de la Empresa Privada (CONEP), Gabriel Diez, manifest\u00f3 que, despu\u00e9s de semanas dif\u00edciles, en las que todos los paname\u00f1os perdimos, hoy cerramos ese cap\u00edtulo de doce semanas con una luz de esperanza.<\/strong><\/p>\n<p><strong>La Declaraci\u00f3n de Principios por la Educaci\u00f3n y por el Retorno Inmediato e Ininterrumpido a Clases comprende, entre otros aspectos, el retorno de los docentes a sus puestos de trabajo y el reinicio ininterrumpido de la atenci\u00f3n presencial a los estudiantes. Asimismo, el Ministerio de Educaci\u00f3n, se compromete a no continuar con la notificaci\u00f3n de procesos administrativos contra los educadores que no hayan sido notificados a la fecha, y a garantizar el cumplimiento del debido proceso y el derecho a la defensa legal tanto para docentes como para estudiantes.<\/strong><\/p>\n<\/div><div class=\"awb-gallery-wrapper awb-gallery-wrapper-1 button-span-no\" style=\"--more-btn-alignment:center;\"><div style=\"margin:-5px;--awb-bordersize:0px;\" class=\"fusion-gallery fusion-gallery-container fusion-grid-3 fusion-columns-total-3 fusion-gallery-layout-grid fusion-gallery-1\"><div style=\"padding:5px;\" class=\"fusion-grid-column fusion-gallery-column fusion-gallery-column-3 hover-type-none\"><div class=\"fusion-gallery-image\"><a href=\"https:\/\/sertv.gob.pa\/nacionalfm\/wp-content\/uploads\/sites\/6\/2025\/07\/RETORNO-A-CLASES-2.jpeg\" rel=\"noreferrer\" data-rel=\"iLightbox[gallery_image_1]\" class=\"fusion-lightbox\" target=\"_self\"><img decoding=\"async\" src=\"https:\/\/sertv.gob.pa\/nacionalfm\/wp-content\/uploads\/sites\/6\/2025\/07\/RETORNO-A-CLASES-2.jpeg\" width=\"600\" height=\"336\" alt=\"\" title=\"RETORNO A CLASES 2\" aria-label=\"RETORNO A CLASES 2\" class=\"img-responsive wp-image-109943\" srcset=\"https:\/\/sertv.gob.pa\/nacionalfm\/wp-content\/uploads\/sites\/6\/2025\/07\/RETORNO-A-CLASES-2-200x112.jpeg 200w, https:\/\/sertv.gob.pa\/nacionalfm\/wp-content\/uploads\/sites\/6\/2025\/07\/RETORNO-A-CLASES-2-400x224.jpeg 400w, https:\/\/sertv.gob.pa\/nacionalfm\/wp-content\/uploads\/sites\/6\/2025\/07\/RETORNO-A-CLASES-2.jpeg 600w\" sizes=\"(min-width: 2200px) 100vw, (min-width: 784px) 363px, (min-width: 712px) 545px, (min-width: 640px) 712px, \" \/><\/a><\/div><\/div><div style=\"padding:5px;\" class=\"fusion-grid-column fusion-gallery-column fusion-gallery-column-3 hover-type-none\"><div class=\"fusion-gallery-image\"><a href=\"https:\/\/sertv.gob.pa\/nacionalfm\/wp-content\/uploads\/sites\/6\/2025\/07\/RETORNO-A-CLASES-3.jpeg\" rel=\"noreferrer\" data-rel=\"iLightbox[gallery_image_1]\" class=\"fusion-lightbox\" target=\"_self\"><img decoding=\"async\" src=\"https:\/\/sertv.gob.pa\/nacionalfm\/wp-content\/uploads\/sites\/6\/2025\/07\/RETORNO-A-CLASES-3.jpeg\" width=\"600\" height=\"336\" alt=\"\" title=\"RETORNO A CLASES 3\" aria-label=\"RETORNO A CLASES 3\" class=\"img-responsive wp-image-109945\" srcset=\"https:\/\/sertv.gob.pa\/nacionalfm\/wp-content\/uploads\/sites\/6\/2025\/07\/RETORNO-A-CLASES-3-200x112.jpeg 200w, https:\/\/sertv.gob.pa\/nacionalfm\/wp-content\/uploads\/sites\/6\/2025\/07\/RETORNO-A-CLASES-3-400x224.jpeg 400w, https:\/\/sertv.gob.pa\/nacionalfm\/wp-content\/uploads\/sites\/6\/2025\/07\/RETORNO-A-CLASES-3.jpeg 600w\" sizes=\"(min-width: 2200px) 100vw, (min-width: 784px) 363px, (min-width: 712px) 545px, (min-width: 640px) 712px, \" \/><\/a><\/div><\/div><div style=\"padding:5px;\" class=\"fusion-grid-column fusion-gallery-column fusion-gallery-column-3 hover-type-none\"><div class=\"fusion-gallery-image\"><a href=\"https:\/\/sertv.gob.pa\/nacionalfm\/wp-content\/uploads\/sites\/6\/2025\/07\/RETORNO-A-CLASES-4.jpeg\" rel=\"noreferrer\" data-rel=\"iLightbox[gallery_image_1]\" class=\"fusion-lightbox\" target=\"_self\"><img decoding=\"async\" src=\"https:\/\/sertv.gob.pa\/nacionalfm\/wp-content\/uploads\/sites\/6\/2025\/07\/RETORNO-A-CLASES-4.jpeg\" width=\"600\" height=\"336\" alt=\"\" title=\"RETORNO A CLASES 4\" aria-label=\"RETORNO A CLASES 4\" class=\"img-responsive wp-image-109946\" srcset=\"https:\/\/sertv.gob.pa\/nacionalfm\/wp-content\/uploads\/sites\/6\/2025\/07\/RETORNO-A-CLASES-4-200x112.jpeg 200w, https:\/\/sertv.gob.pa\/nacionalfm\/wp-content\/uploads\/sites\/6\/2025\/07\/RETORNO-A-CLASES-4-400x224.jpeg 400w, https:\/\/sertv.gob.pa\/nacionalfm\/wp-content\/uploads\/sites\/6\/2025\/07\/RETORNO-A-CLASES-4.jpeg 600w\" sizes=\"(min-width: 2200px) 100vw, (min-width: 784px) 363px, (min-width: 712px) 545px, (min-width: 640px) 712px, \" \/><\/a><\/div><\/div><div class=\"clearfix\"><\/div><\/div><\/div><\/div><\/div><\/div><\/div>\n","protected":false},"excerpt":{"rendered":"","protected":false},"author":9,"featured_media":109942,"comment_status":"closed","ping_status":"closed","sticky":false,"template":"","format":"standard","meta":{"footnotes":""},"categories":[2],"tags":[],"class_list":["post-109941","post","type-post","status-publish","format-standard","has-post-thumbnail","hentry","category-nacionales"],"_links":{"self":[{"href":"https:\/\/sertv.gob.pa\/nacionalfm\/wp-json\/wp\/v2\/posts\/109941","targetHints":{"allow":["GET"]}}],"collection":[{"href":"https:\/\/sertv.gob.pa\/nacionalfm\/wp-json\/wp\/v2\/posts"}],"about":[{"href":"https:\/\/sertv.gob.pa\/nacionalfm\/wp-json\/wp\/v2\/types\/post"}],"author":[{"embeddable":true,"href":"https:\/\/sertv.gob.pa\/nacionalfm\/wp-json\/wp\/v2\/users\/9"}],"replies":[{"embeddable":true,"href":"https:\/\/sertv.gob.pa\/nacionalfm\/wp-json\/wp\/v2\/comments?post=109941"}],"version-history":[{"count":2,"href":"https:\/\/sertv.gob.pa\/nacionalfm\/wp-json\/wp\/v2\/posts\/109941\/revisions"}],"predecessor-version":[{"id":109948,"href":"https:\/\/sertv.gob.pa\/nacionalfm\/wp-json\/wp\/v2\/posts\/109941\/revisions\/109948"}],"wp:featuredmedia":[{"embeddable":true,"href":"https:\/\/sertv.gob.pa\/nacionalfm\/wp-json\/wp\/v2\/media\/109942"}],"wp:attachment":[{"href":"https:\/\/sertv.gob.pa\/nacionalfm\/wp-json\/wp\/v2\/media?parent=109941"}],"wp:term":[{"taxonomy":"category","embeddable":true,"href":"https:\/\/sertv.gob.pa\/nacionalfm\/wp-json\/wp\/v2\/categories?post=109941"},{"taxonomy":"post_tag","embeddable":true,"href":"https:\/\/sertv.gob.pa\/nacionalfm\/wp-json\/wp\/v2\/tags?post=109941"}],"curies":[{"name":"wp","href":"https:\/\/api.w.org\/{rel}","templated":true}]}}