{"id":109952,"date":"2025-07-14T09:44:24","date_gmt":"2025-07-14T14:44:24","guid":{"rendered":"https:\/\/sertv.gob.pa\/nacionalfm\/?p=109952"},"modified":"2025-07-14T09:44:24","modified_gmt":"2025-07-14T14:44:24","slug":"incendio-en-la-madrugada-consume-caserones-en-la-ciudad-de-colon-dejando-mas-70-personas-damnificadas","status":"publish","type":"post","link":"https:\/\/sertv.gob.pa\/nacionalfm\/incendio-en-la-madrugada-consume-caserones-en-la-ciudad-de-colon-dejando-mas-70-personas-damnificadas\/","title":{"rendered":"Incendio en la madrugada, consume caserones en la ciudad de Col\u00f3n, dejando m\u00e1s 70 personas damnificadas"},"content":{"rendered":"<div class=\"fusion-fullwidth fullwidth-box fusion-builder-row-1 fusion-flex-container has-pattern-background has-mask-background nonhundred-percent-fullwidth non-hundred-percent-height-scrolling\" style=\"--awb-border-radius-top-left:0px;--awb-border-radius-top-right:0px;--awb-border-radius-bottom-right:0px;--awb-border-radius-bottom-left:0px;--awb-flex-wrap:wrap;\" ><div class=\"fusion-builder-row fusion-row fusion-flex-align-items-flex-start fusion-flex-content-wrap\" style=\"max-width:1144px;margin-left: calc(-4% \/ 2 );margin-right: calc(-4% \/ 2 );\"><div class=\"fusion-layout-column fusion_builder_column fusion-builder-column-0 fusion_builder_column_1_1 1_1 fusion-flex-column\" style=\"--awb-bg-size:cover;--awb-width-large:100%;--awb-margin-top-large:0px;--awb-spacing-right-large:1.92%;--awb-margin-bottom-large:20px;--awb-spacing-left-large:1.92%;--awb-width-medium:100%;--awb-order-medium:0;--awb-spacing-right-medium:1.92%;--awb-spacing-left-medium:1.92%;--awb-width-small:100%;--awb-order-small:0;--awb-spacing-right-small:1.92%;--awb-spacing-left-small:1.92%;\"><div class=\"fusion-column-wrapper fusion-column-has-shadow fusion-flex-justify-content-flex-start fusion-content-layout-column\"><div class=\"fusion-text fusion-text-1\" style=\"--awb-content-alignment:justify;\"><p><em><strong>Un incendio de grandes proporciones se registr\u00f3 aproximadamente a la 1:26 de la madrugada, en estructuras tipo caser\u00f3n ubicadas entre calle 2 y 3, avenida Bol\u00edvar, en la ciudad de Col\u00f3n.<\/strong><\/em><\/p>\n<p><strong>Ante esta situaci\u00f3n, el Benem\u00e9rito Cuerpo de Bomberos de la Rep\u00fablica de Panam\u00e1(BCBRP), respondi\u00f3 a la emergencia con un despliegue operativo, el cual incluy\u00f3 siete veh\u00edculos de extinci\u00f3n y un carro escalera.<\/strong><\/p>\n<p><strong>Hay que resaltar, que debido a las condiciones estructurales de los caserones y la limitada disponibilidad de agua en el \u00e1rea, las labores de control y extinci\u00f3n se vieron significativamente dificultadas.<\/strong><\/p>\n<p><strong>Para poder extinguir el incendio, un total de 55 unidades, entre bomberos permanentes y voluntarios, trabajaron en forma ardua, durante varias horas y as\u00ed lograr evitar la propagaci\u00f3n del fuego a edificaciones colindantes. Gracias a su intervenci\u00f3n oportuna, no se reportaron personas heridas.<\/strong><\/p>\n<p><strong>Preliminarmente, se estima que m\u00e1s de 70 personas resultaron afectadas por este siniestro, muchas de las cuales han perdido sus pertenencias y viviendas. Las autoridades correspondientes, ya se encuentran evaluando los da\u00f1os y coordinando las acciones de apoyo humanitario para los damnificados.<\/strong><\/p>\n<p><strong>Tras el siniestro, la Direcci\u00f3n Nacional de Seguridad, Prevenci\u00f3n e Investigaci\u00f3n de Incendios (DINASEPI), desarrolla las investigaciones correspondientes para determinar las causas que originaron este evento.<\/strong><\/p>\n<\/div><div class=\"awb-gallery-wrapper awb-gallery-wrapper-1 button-span-no\" style=\"--more-btn-alignment:center;\"><div style=\"margin:-5px;--awb-bordersize:0px;\" class=\"fusion-gallery fusion-gallery-container fusion-grid-3 fusion-columns-total-3 fusion-gallery-layout-grid fusion-gallery-1\"><div style=\"padding:5px;\" class=\"fusion-grid-column fusion-gallery-column fusion-gallery-column-3 hover-type-none\"><div class=\"fusion-gallery-image\"><a href=\"https:\/\/sertv.gob.pa\/nacionalfm\/wp-content\/uploads\/sites\/6\/2025\/07\/FUEGO-COLON-2.jpg\" rel=\"noreferrer\" data-rel=\"iLightbox[gallery_image_1]\" class=\"fusion-lightbox\" target=\"_self\"><img decoding=\"async\" src=\"https:\/\/sertv.gob.pa\/nacionalfm\/wp-content\/uploads\/sites\/6\/2025\/07\/FUEGO-COLON-2.jpg\" width=\"800\" height=\"533\" alt=\"\" title=\"FUEGO COL\u00d3N 2\" aria-label=\"FUEGO COL\u00d3N 2\" class=\"img-responsive wp-image-109954\" srcset=\"https:\/\/sertv.gob.pa\/nacionalfm\/wp-content\/uploads\/sites\/6\/2025\/07\/FUEGO-COLON-2-200x133.jpg 200w, https:\/\/sertv.gob.pa\/nacionalfm\/wp-content\/uploads\/sites\/6\/2025\/07\/FUEGO-COLON-2-400x267.jpg 400w, https:\/\/sertv.gob.pa\/nacionalfm\/wp-content\/uploads\/sites\/6\/2025\/07\/FUEGO-COLON-2-600x400.jpg 600w, https:\/\/sertv.gob.pa\/nacionalfm\/wp-content\/uploads\/sites\/6\/2025\/07\/FUEGO-COLON-2.jpg 800w\" sizes=\"(min-width: 2200px) 100vw, (min-width: 784px) 363px, (min-width: 712px) 545px, (min-width: 640px) 712px, \" \/><\/a><\/div><\/div><div style=\"padding:5px;\" class=\"fusion-grid-column fusion-gallery-column fusion-gallery-column-3 hover-type-none\"><div class=\"fusion-gallery-image\"><a href=\"https:\/\/sertv.gob.pa\/nacionalfm\/wp-content\/uploads\/sites\/6\/2025\/07\/FUEGO-COLON-3.jpg\" rel=\"noreferrer\" data-rel=\"iLightbox[gallery_image_1]\" class=\"fusion-lightbox\" target=\"_self\"><img decoding=\"async\" src=\"https:\/\/sertv.gob.pa\/nacionalfm\/wp-content\/uploads\/sites\/6\/2025\/07\/FUEGO-COLON-3.jpg\" width=\"800\" height=\"533\" alt=\"\" title=\"FUEGO COL\u00d3N 3\" aria-label=\"FUEGO COL\u00d3N 3\" class=\"img-responsive wp-image-109955\" srcset=\"https:\/\/sertv.gob.pa\/nacionalfm\/wp-content\/uploads\/sites\/6\/2025\/07\/FUEGO-COLON-3-200x133.jpg 200w, https:\/\/sertv.gob.pa\/nacionalfm\/wp-content\/uploads\/sites\/6\/2025\/07\/FUEGO-COLON-3-400x267.jpg 400w, https:\/\/sertv.gob.pa\/nacionalfm\/wp-content\/uploads\/sites\/6\/2025\/07\/FUEGO-COLON-3-600x400.jpg 600w, https:\/\/sertv.gob.pa\/nacionalfm\/wp-content\/uploads\/sites\/6\/2025\/07\/FUEGO-COLON-3.jpg 800w\" sizes=\"(min-width: 2200px) 100vw, (min-width: 784px) 363px, (min-width: 712px) 545px, (min-width: 640px) 712px, \" \/><\/a><\/div><\/div><div style=\"padding:5px;\" class=\"fusion-grid-column fusion-gallery-column fusion-gallery-column-3 hover-type-none\"><div class=\"fusion-gallery-image\"><a href=\"https:\/\/sertv.gob.pa\/nacionalfm\/wp-content\/uploads\/sites\/6\/2025\/07\/FUEGO-COLON-4.jpg\" rel=\"noreferrer\" data-rel=\"iLightbox[gallery_image_1]\" class=\"fusion-lightbox\" target=\"_self\"><img decoding=\"async\" src=\"https:\/\/sertv.gob.pa\/nacionalfm\/wp-content\/uploads\/sites\/6\/2025\/07\/FUEGO-COLON-4.jpg\" width=\"800\" height=\"533\" alt=\"\" title=\"FUEGO COL\u00d3N 4\" aria-label=\"FUEGO COL\u00d3N 4\" class=\"img-responsive wp-image-109956\" srcset=\"https:\/\/sertv.gob.pa\/nacionalfm\/wp-content\/uploads\/sites\/6\/2025\/07\/FUEGO-COLON-4-200x133.jpg 200w, https:\/\/sertv.gob.pa\/nacionalfm\/wp-content\/uploads\/sites\/6\/2025\/07\/FUEGO-COLON-4-400x267.jpg 400w, https:\/\/sertv.gob.pa\/nacionalfm\/wp-content\/uploads\/sites\/6\/2025\/07\/FUEGO-COLON-4-600x400.jpg 600w, https:\/\/sertv.gob.pa\/nacionalfm\/wp-content\/uploads\/sites\/6\/2025\/07\/FUEGO-COLON-4.jpg 800w\" sizes=\"(min-width: 2200px) 100vw, (min-width: 784px) 363px, (min-width: 712px) 545px, (min-width: 640px) 712px, \" \/><\/a><\/div><\/div><div class=\"clearfix\"><\/div><\/div><\/div><\/div><\/div><\/div><\/div>\n","protected":false},"excerpt":{"rendered":"","protected":false},"author":9,"featured_media":109953,"comment_status":"closed","ping_status":"closed","sticky":false,"template":"","format":"standard","meta":{"footnotes":""},"categories":[2],"tags":[],"class_list":["post-109952","post","type-post","status-publish","format-standard","has-post-thumbnail","hentry","category-nacionales"],"_links":{"self":[{"href":"https:\/\/sertv.gob.pa\/nacionalfm\/wp-json\/wp\/v2\/posts\/109952","targetHints":{"allow":["GET"]}}],"collection":[{"href":"https:\/\/sertv.gob.pa\/nacionalfm\/wp-json\/wp\/v2\/posts"}],"about":[{"href":"https:\/\/sertv.gob.pa\/nacionalfm\/wp-json\/wp\/v2\/types\/post"}],"author":[{"embeddable":true,"href":"https:\/\/sertv.gob.pa\/nacionalfm\/wp-json\/wp\/v2\/users\/9"}],"replies":[{"embeddable":true,"href":"https:\/\/sertv.gob.pa\/nacionalfm\/wp-json\/wp\/v2\/comments?post=109952"}],"version-history":[{"count":1,"href":"https:\/\/sertv.gob.pa\/nacionalfm\/wp-json\/wp\/v2\/posts\/109952\/revisions"}],"predecessor-version":[{"id":109957,"href":"https:\/\/sertv.gob.pa\/nacionalfm\/wp-json\/wp\/v2\/posts\/109952\/revisions\/109957"}],"wp:featuredmedia":[{"embeddable":true,"href":"https:\/\/sertv.gob.pa\/nacionalfm\/wp-json\/wp\/v2\/media\/109953"}],"wp:attachment":[{"href":"https:\/\/sertv.gob.pa\/nacionalfm\/wp-json\/wp\/v2\/media?parent=109952"}],"wp:term":[{"taxonomy":"category","embeddable":true,"href":"https:\/\/sertv.gob.pa\/nacionalfm\/wp-json\/wp\/v2\/categories?post=109952"},{"taxonomy":"post_tag","embeddable":true,"href":"https:\/\/sertv.gob.pa\/nacionalfm\/wp-json\/wp\/v2\/tags?post=109952"}],"curies":[{"name":"wp","href":"https:\/\/api.w.org\/{rel}","templated":true}]}}