{"id":109958,"date":"2025-07-14T10:11:05","date_gmt":"2025-07-14T15:11:05","guid":{"rendered":"https:\/\/sertv.gob.pa\/nacionalfm\/?p=109958"},"modified":"2025-07-14T10:11:05","modified_gmt":"2025-07-14T15:11:05","slug":"tras-salida-de-panama-de-la-lista-gris-de-la-union-europea-se-abren-nuevas-rutas-para-tocumen","status":"publish","type":"post","link":"https:\/\/sertv.gob.pa\/nacionalfm\/tras-salida-de-panama-de-la-lista-gris-de-la-union-europea-se-abren-nuevas-rutas-para-tocumen\/","title":{"rendered":"Tras salida de Panam\u00e1 de la lista gris de la Uni\u00f3n Europea, se abren nuevas rutas para Tocumen"},"content":{"rendered":"<p><em><strong>La decisi\u00f3n del Parlamento Europeo de excluir a Panam\u00e1 de la lista de jurisdicciones de alto riesgo en materia de lucha contra el blanqueo de capitales y el financiamiento del terrorismo marca un hito para la econom\u00eda paname\u00f1a y, en especial, para el desarrollo del principal hub a\u00e9reo del pa\u00eds: el Aeropuerto Internacional de Tocumen.<\/strong><\/em><\/p>\n<p><strong>Este cambio de estatus, aprobado en sesi\u00f3n plenaria en Estrasburgo (Francia), representa un importante voto de confianza de la Uni\u00f3n Europea hacia el sistema financiero y regulatorio paname\u00f1o, y abre las puertas a una serie de beneficios estrat\u00e9gicos para la principal terminal a\u00e9rea de Am\u00e9rica Latina.<\/strong><\/p>\n<p><strong>De acuerdo a expertos en aviaci\u00f3n y comercio internacional, la salida de esta lista, reduce considerablemente la percepci\u00f3n de riesgo para las aerol\u00edneas europeas, bancos internacionales, inversionistas y operadores log\u00edsticos, lo que se traduce en un entorno m\u00e1s atractivo y competitivo para las operaciones en Tocumen.<\/strong><\/p>\n<p><strong>\u201cEstamos ante un momento decisivo. Esta decisi\u00f3n de la Uni\u00f3n Europea, representa una validaci\u00f3n internacional que tendr\u00e1 un impacto directo en la atracci\u00f3n de nuevas aerol\u00edneas europeas y el aumento del tr\u00e1fico de pasajeros hacia y desde Panam\u00e1\u201d, asever\u00f3 el gerente general del Aeropuerto Internacional de Tocumen, Jos\u00e9 Ruiz Blanco.<\/strong><\/p>\n<p><strong>Desde el punto de vista financiero, esta medida facilitar\u00e1 el acceso a fuentes de financiamiento m\u00e1s competitivas para proyectos de expansi\u00f3n, as\u00ed como transacciones m\u00e1s \u00e1giles con entidades bancarias europeas. Igualmente, se espera un impulso inmediato en la carga a\u00e9rea, al eliminarse barreras regulatorias que afectaban los procesos log\u00edsticos y aduaneros con Europa.<\/strong><\/p>\n<p><strong>\u201cEsta noticia, nos reafirma como un hub confiable y competitivo para el tr\u00e1nsito de pasajeros y carga. Allana el camino para concretar el inter\u00e9s de nuevas aerol\u00edneas que han mostrado intenci\u00f3n de operar rutas directas con Panam\u00e1, lo que no solo ampliar\u00e1 nuestra conectividad, sino que fortalecer\u00e1 el papel estrat\u00e9gico de Tocumen, como la principal puerta de entrada de Europa hacia Am\u00e9rica Latina y el Caribe\u201d, destac\u00f3 Ruiz Blanco.<\/strong><\/p>\n<p><strong>\u201cAl eliminarse barreras reputacionales, Panam\u00e1, est\u00e1 en mejor posici\u00f3n para negociar convenios de cielos abiertos y cooperaci\u00f3n aeroportuaria con Estados de la UE, lo que puede traducirse en m\u00e1s frecuencias, nuevos destinos y alianzas estrat\u00e9gicas. Panam\u00e1, y en particular Tocumen, se posicionan con mayor fuerza como nodo de distribuci\u00f3n a\u00e9rea para productos europeos que se redirigen a otros mercados del continente americano\u201d, subray\u00f3 Ruiz.<\/strong><\/p>\n<p><strong>El reconocimiento por parte del Parlamento Europeo se da, tras el fortalecimiento del marco legal paname\u00f1o en materia de prevenci\u00f3n del blanqueo de capitales y la financiaci\u00f3n del terrorismo, gracias al trabajo coordinado de los Ministerios de Relaciones Exteriores y de Econom\u00eda y Finanzas, bajo el liderazgo del presidente, Jos\u00e9 Ra\u00fal Mulino.<\/strong><\/p>\n<p><strong>Con este nuevo panorama, Tocumen, se alista para capitalizar esta oportunidad, apuntando a la ampliaci\u00f3n de su red de conexiones, el crecimiento del turismo europeo, y el fortalecimiento del comercio bilateral entre Panam\u00e1 y la Uni\u00f3n Europea.<\/strong><\/p>\n","protected":false},"excerpt":{"rendered":"<p>La decisi\u00f3n del Parlamento Europeo de excluir a Panam\u00e1 de <a href=\"https:\/\/sertv.gob.pa\/nacionalfm\/tras-salida-de-panama-de-la-lista-gris-de-la-union-europea-se-abren-nuevas-rutas-para-tocumen\/\"> [&#8230;]<\/a><\/p>\n","protected":false},"author":9,"featured_media":109959,"comment_status":"closed","ping_status":"closed","sticky":false,"template":"","format":"standard","meta":{"footnotes":""},"categories":[2],"tags":[],"class_list":["post-109958","post","type-post","status-publish","format-standard","has-post-thumbnail","hentry","category-nacionales"],"_links":{"self":[{"href":"https:\/\/sertv.gob.pa\/nacionalfm\/wp-json\/wp\/v2\/posts\/109958","targetHints":{"allow":["GET"]}}],"collection":[{"href":"https:\/\/sertv.gob.pa\/nacionalfm\/wp-json\/wp\/v2\/posts"}],"about":[{"href":"https:\/\/sertv.gob.pa\/nacionalfm\/wp-json\/wp\/v2\/types\/post"}],"author":[{"embeddable":true,"href":"https:\/\/sertv.gob.pa\/nacionalfm\/wp-json\/wp\/v2\/users\/9"}],"replies":[{"embeddable":true,"href":"https:\/\/sertv.gob.pa\/nacionalfm\/wp-json\/wp\/v2\/comments?post=109958"}],"version-history":[{"count":1,"href":"https:\/\/sertv.gob.pa\/nacionalfm\/wp-json\/wp\/v2\/posts\/109958\/revisions"}],"predecessor-version":[{"id":109960,"href":"https:\/\/sertv.gob.pa\/nacionalfm\/wp-json\/wp\/v2\/posts\/109958\/revisions\/109960"}],"wp:featuredmedia":[{"embeddable":true,"href":"https:\/\/sertv.gob.pa\/nacionalfm\/wp-json\/wp\/v2\/media\/109959"}],"wp:attachment":[{"href":"https:\/\/sertv.gob.pa\/nacionalfm\/wp-json\/wp\/v2\/media?parent=109958"}],"wp:term":[{"taxonomy":"category","embeddable":true,"href":"https:\/\/sertv.gob.pa\/nacionalfm\/wp-json\/wp\/v2\/categories?post=109958"},{"taxonomy":"post_tag","embeddable":true,"href":"https:\/\/sertv.gob.pa\/nacionalfm\/wp-json\/wp\/v2\/tags?post=109958"}],"curies":[{"name":"wp","href":"https:\/\/api.w.org\/{rel}","templated":true}]}}