{"id":109961,"date":"2025-07-14T10:47:49","date_gmt":"2025-07-14T15:47:49","guid":{"rendered":"https:\/\/sertv.gob.pa\/nacionalfm\/?p=109961"},"modified":"2025-07-14T10:47:49","modified_gmt":"2025-07-14T15:47:49","slug":"autoridades-del-mides-presentan-a-consejo-municipal-programa-padrino-empresario-para-buscar-nuevos-aliados","status":"publish","type":"post","link":"https:\/\/sertv.gob.pa\/nacionalfm\/autoridades-del-mides-presentan-a-consejo-municipal-programa-padrino-empresario-para-buscar-nuevos-aliados\/","title":{"rendered":"Autoridades del MIDES presentan a Consejo Municipal programa \u00abPadrino Empresario\u00bb  para buscar nuevos aliados"},"content":{"rendered":"<p><em><strong>Roberto Amo, coordinador del programa Padrino Empresario del Ministerio de Desarrollo Social (MIDES), recibi\u00f3 recientemente, una cortes\u00eda de sala en el Consejo Municipal de Panam\u00e1, a fin de exponer los beneficios de esta iniciativa, que combate la deserci\u00f3n escolar y prepara a los j\u00f3venes en su formaci\u00f3n profesional.<\/strong><\/em><\/p>\n<p><strong>Para esta gesti\u00f3n, Amo, estuvo acompa\u00f1ado por Adonay Ortega, Secretario General del MIDES, quien manifest\u00f3 su agradecimiento al Consejo, por brindar la oportunidad de exponer los beneficios de este importante proyecto.<\/strong><\/p>\n<p><strong>Al momento de su intervenci\u00f3n, Amo, destac\u00f3 que, este programa, que cuenta con la participaci\u00f3n del sector privado, ha beneficiado a m\u00e1s de 500 j\u00f3venes. En 2024, cerca de 100 estudiantes que formaban parte de la iniciativa lograron obtener su t\u00edtulo de bachiller, un logro significativo tanto en su trayectoria acad\u00e9mica como personal.<\/strong><\/p>\n<p><strong>Amo, invit\u00f3 a los miembros del Consejo Municipal a sumarse a esta estrategia que le est\u00e1 transformando la vida a los j\u00f3venes en riesgo social.<\/strong><\/p>\n<p><strong>El alcalde capitalino, Mayer Mizrachi, junto a los representantes del consejo, expresaron su inter\u00e9s de participar de este programa el cual promueve la educaci\u00f3n y el desarrollo integral de la juventud.<\/strong><\/p>\n<p><strong>En la actualidad, 96 empresas forman parte de esta alianza p\u00fablico-privada, cuya colaboraci\u00f3n ha sido clave para el \u00e9xito del programa.<\/strong><\/p>\n<p><strong>Es importante resaltar, que cada a\u00f1o, el MIDES, destina B\/. 570,000 en concepto de becas, una inversi\u00f3n que impacta de manera directa en la calidad de vida de los beneficiarios y sus familias.<\/strong><\/p>\n","protected":false},"excerpt":{"rendered":"<p>Roberto Amo, coordinador del programa Padrino Empresario del Ministerio de <a href=\"https:\/\/sertv.gob.pa\/nacionalfm\/autoridades-del-mides-presentan-a-consejo-municipal-programa-padrino-empresario-para-buscar-nuevos-aliados\/\"> [&#8230;]<\/a><\/p>\n","protected":false},"author":9,"featured_media":109962,"comment_status":"closed","ping_status":"closed","sticky":false,"template":"","format":"standard","meta":{"footnotes":""},"categories":[2],"tags":[],"class_list":["post-109961","post","type-post","status-publish","format-standard","has-post-thumbnail","hentry","category-nacionales"],"_links":{"self":[{"href":"https:\/\/sertv.gob.pa\/nacionalfm\/wp-json\/wp\/v2\/posts\/109961","targetHints":{"allow":["GET"]}}],"collection":[{"href":"https:\/\/sertv.gob.pa\/nacionalfm\/wp-json\/wp\/v2\/posts"}],"about":[{"href":"https:\/\/sertv.gob.pa\/nacionalfm\/wp-json\/wp\/v2\/types\/post"}],"author":[{"embeddable":true,"href":"https:\/\/sertv.gob.pa\/nacionalfm\/wp-json\/wp\/v2\/users\/9"}],"replies":[{"embeddable":true,"href":"https:\/\/sertv.gob.pa\/nacionalfm\/wp-json\/wp\/v2\/comments?post=109961"}],"version-history":[{"count":2,"href":"https:\/\/sertv.gob.pa\/nacionalfm\/wp-json\/wp\/v2\/posts\/109961\/revisions"}],"predecessor-version":[{"id":109964,"href":"https:\/\/sertv.gob.pa\/nacionalfm\/wp-json\/wp\/v2\/posts\/109961\/revisions\/109964"}],"wp:featuredmedia":[{"embeddable":true,"href":"https:\/\/sertv.gob.pa\/nacionalfm\/wp-json\/wp\/v2\/media\/109962"}],"wp:attachment":[{"href":"https:\/\/sertv.gob.pa\/nacionalfm\/wp-json\/wp\/v2\/media?parent=109961"}],"wp:term":[{"taxonomy":"category","embeddable":true,"href":"https:\/\/sertv.gob.pa\/nacionalfm\/wp-json\/wp\/v2\/categories?post=109961"},{"taxonomy":"post_tag","embeddable":true,"href":"https:\/\/sertv.gob.pa\/nacionalfm\/wp-json\/wp\/v2\/tags?post=109961"}],"curies":[{"name":"wp","href":"https:\/\/api.w.org\/{rel}","templated":true}]}}