{"id":109965,"date":"2025-07-14T11:26:40","date_gmt":"2025-07-14T16:26:40","guid":{"rendered":"https:\/\/sertv.gob.pa\/nacionalfm\/?p=109965"},"modified":"2025-07-14T11:28:10","modified_gmt":"2025-07-14T16:28:10","slug":"panama-afianza-su-liderazgo-global-al-presidir-por-segundo-ano-consecutivo-el-maximo-organo-de-decision-de-la-ompi","status":"publish","type":"post","link":"https:\/\/sertv.gob.pa\/nacionalfm\/panama-afianza-su-liderazgo-global-al-presidir-por-segundo-ano-consecutivo-el-maximo-organo-de-decision-de-la-ompi\/","title":{"rendered":"Panam\u00e1 afianza su liderazgo global, al presidir por segundo a\u00f1o consecutivo el m\u00e1ximo \u00f3rgano de decisi\u00f3n de la OMPI"},"content":{"rendered":"<p><em><strong>Panam\u00e1, consolida su liderazgo internacional en materia de propiedad intelectual al presidir, por segundo a\u00f1o consecutivo, las Asambleas Generales de la Organizaci\u00f3n Mundial de la Propiedad Intelectual (OMPI), el principal \u00f3rgano de gobernanza de esta agencia especializada de las Naciones Unidas.<\/strong><\/em><\/p>\n<p><strong>Este hito sin precedentes, reafirma el compromiso del Gobierno Nacional, a trav\u00e9s del Ministerio de Comercio e Industrias de Panam\u00e1 (MICI), con la promoci\u00f3n de un sistema de propiedad intelectual moderno, inclusivo y alineado con las prioridades de desarrollo sostenible, innovaci\u00f3n y competitividad econ\u00f3mica.<\/strong><\/p>\n<p><strong>Para este evento, la delegaci\u00f3n paname\u00f1a, est\u00e1 encabezada por el embajador Alfredo Suescum, quien funge como presidente de las Asambleas, y est\u00e1 integrada adem\u00e1s por el director general de la Propiedad Industrial del MICI, Leonardo Uribe, y Sally Bardayan Rivera, consejera de la Misi\u00f3n Permanente ante la OMC.<\/strong><\/p>\n<p><strong>Esta actividad, se desarrolla del 8 al 17 de julio, y all\u00ed, m\u00e1s de 190 delegaciones de Estados miembros, est\u00e1n reunidos en Ginebra, con el prop\u00f3sito de debatir y adoptar decisiones sobre temas estrat\u00e9gicos del sistema internacional de propiedad intelectual. Bajo la presidencia paname\u00f1a, se busca avanzar en la definici\u00f3n de una posible Conferencia Diplom\u00e1tica sobre el Tratado de Radiodifusi\u00f3n, as\u00ed como en discusiones clave sobre patentes, marcas, cooperaci\u00f3n t\u00e9cnica y sostenibilidad financiera de la OMPI.<\/strong><\/p>\n<p><strong>Durante la sesi\u00f3n inaugural, Panam\u00e1, reiter\u00f3 su visi\u00f3n de una propiedad intelectual al servicio del desarrollo, destacando logros concretos como la implementaci\u00f3n progresiva del sistema IPAS \u2014que moderniza la gesti\u00f3n de derechos industriales\u2014 y la pr\u00f3xima incorporaci\u00f3n de la base de datos de marcas paname\u00f1as a la plataforma Global Brand Database de la OMPI.<\/strong><\/p>\n<p><strong>\u201cPanam\u00e1, apuesta por la innovaci\u00f3n, la tecnolog\u00eda y el conocimiento como motores de desarrollo\u201d, expres\u00f3 el embajador Suescum, en sinton\u00eda con la visi\u00f3n del ministro de Comercio e Industrias, Julio Molt\u00f3. \u201cLa propiedad intelectual, es una herramienta estrat\u00e9gica para fortalecer nuestra competitividad, promover la creatividad y abrir nuevas oportunidades para emprendedores, empresas, universidades y centros de investigaci\u00f3n\u201d.<\/strong><\/p>\n<p><strong>Es muy importante destacar, que la continuidad de Panam\u00e1, en la presidencia de la OMPI, no solo reconoce su activa participaci\u00f3n diplom\u00e1tica, sino tambi\u00e9n el papel que ha asumido como pa\u00eds impulsor de reformas y soluciones para un sistema de propiedad intelectual m\u00e1s accesible, equilibrado y eficaz, que responda a los desaf\u00edos del entorno econ\u00f3mico y tecnol\u00f3gico global.<\/strong><\/p>\n","protected":false},"excerpt":{"rendered":"<p>Panam\u00e1, consolida su liderazgo internacional en materia de propiedad intelectual <a href=\"https:\/\/sertv.gob.pa\/nacionalfm\/panama-afianza-su-liderazgo-global-al-presidir-por-segundo-ano-consecutivo-el-maximo-organo-de-decision-de-la-ompi\/\"> [&#8230;]<\/a><\/p>\n","protected":false},"author":9,"featured_media":109966,"comment_status":"closed","ping_status":"closed","sticky":false,"template":"","format":"standard","meta":{"footnotes":""},"categories":[2],"tags":[],"class_list":["post-109965","post","type-post","status-publish","format-standard","has-post-thumbnail","hentry","category-nacionales"],"_links":{"self":[{"href":"https:\/\/sertv.gob.pa\/nacionalfm\/wp-json\/wp\/v2\/posts\/109965","targetHints":{"allow":["GET"]}}],"collection":[{"href":"https:\/\/sertv.gob.pa\/nacionalfm\/wp-json\/wp\/v2\/posts"}],"about":[{"href":"https:\/\/sertv.gob.pa\/nacionalfm\/wp-json\/wp\/v2\/types\/post"}],"author":[{"embeddable":true,"href":"https:\/\/sertv.gob.pa\/nacionalfm\/wp-json\/wp\/v2\/users\/9"}],"replies":[{"embeddable":true,"href":"https:\/\/sertv.gob.pa\/nacionalfm\/wp-json\/wp\/v2\/comments?post=109965"}],"version-history":[{"count":1,"href":"https:\/\/sertv.gob.pa\/nacionalfm\/wp-json\/wp\/v2\/posts\/109965\/revisions"}],"predecessor-version":[{"id":109967,"href":"https:\/\/sertv.gob.pa\/nacionalfm\/wp-json\/wp\/v2\/posts\/109965\/revisions\/109967"}],"wp:featuredmedia":[{"embeddable":true,"href":"https:\/\/sertv.gob.pa\/nacionalfm\/wp-json\/wp\/v2\/media\/109966"}],"wp:attachment":[{"href":"https:\/\/sertv.gob.pa\/nacionalfm\/wp-json\/wp\/v2\/media?parent=109965"}],"wp:term":[{"taxonomy":"category","embeddable":true,"href":"https:\/\/sertv.gob.pa\/nacionalfm\/wp-json\/wp\/v2\/categories?post=109965"},{"taxonomy":"post_tag","embeddable":true,"href":"https:\/\/sertv.gob.pa\/nacionalfm\/wp-json\/wp\/v2\/tags?post=109965"}],"curies":[{"name":"wp","href":"https:\/\/api.w.org\/{rel}","templated":true}]}}