{"id":109989,"date":"2025-07-14T14:18:30","date_gmt":"2025-07-14T19:18:30","guid":{"rendered":"https:\/\/sertv.gob.pa\/nacionalfm\/?p=109989"},"modified":"2025-07-14T14:18:30","modified_gmt":"2025-07-14T19:18:30","slug":"panama-y-corea-se-reunen-para-continuar-fortaleciendo-lazos-de-amistad-y-cooperacion","status":"publish","type":"post","link":"https:\/\/sertv.gob.pa\/nacionalfm\/panama-y-corea-se-reunen-para-continuar-fortaleciendo-lazos-de-amistad-y-cooperacion\/","title":{"rendered":"Panam\u00e1 y Corea se re\u00fanen para continuar fortaleciendo lazos de amistad y cooperaci\u00f3n"},"content":{"rendered":"<div class=\"fusion-fullwidth fullwidth-box fusion-builder-row-1 fusion-flex-container nonhundred-percent-fullwidth non-hundred-percent-height-scrolling\" style=\"--awb-border-radius-top-left:0px;--awb-border-radius-top-right:0px;--awb-border-radius-bottom-right:0px;--awb-border-radius-bottom-left:0px;--awb-flex-wrap:wrap;\" ><div class=\"fusion-builder-row fusion-row fusion-flex-align-items-flex-start fusion-flex-content-wrap\" style=\"max-width:1144px;margin-left: calc(-4% \/ 2 );margin-right: calc(-4% \/ 2 );\"><div class=\"fusion-layout-column fusion_builder_column fusion-builder-column-0 fusion_builder_column_1_1 1_1 fusion-flex-column\" style=\"--awb-bg-size:cover;--awb-width-large:100%;--awb-margin-top-large:0px;--awb-spacing-right-large:1.92%;--awb-margin-bottom-large:0px;--awb-spacing-left-large:1.92%;--awb-width-medium:100%;--awb-spacing-right-medium:1.92%;--awb-spacing-left-medium:1.92%;--awb-width-small:100%;--awb-spacing-right-small:1.92%;--awb-spacing-left-small:1.92%;\"><div class=\"fusion-column-wrapper fusion-flex-justify-content-flex-start fusion-content-layout-column\"><div class=\"fusion-text fusion-text-1\"><p><em><strong>El Ministro de Desarrollo Agropecuario de Panam\u00e1, Roberto Linares, sostuvo una reuni\u00f3n con el Embajador de la Rep\u00fablica de Corea en Panam\u00e1, Han Byoung-jin, en la que fortalecieron los lazos de amistad y cooperaci\u00f3n t\u00e9cnica y agropecuaria entre ambas naciones.<\/strong><\/em><\/p>\n<p><strong>Este encuentro, tambi\u00e9n sirvi\u00f3 para promover programas para el desarrollo agropecuario y la apertura de nuevas oportunidades para el sector.<\/strong><\/p>\n<p><strong>Durante la cita, tanto el Ministro Linares, quien estuvo acompa\u00f1ado de Diana de Guinard, Jefe de Cooperaci\u00f3n T\u00e9cnica Internacional del MIDA y el embajador Byoung-jin, resaltaron la importancia de esta reuni\u00f3n, para continuar fortaleciendo las relaciones entre la Rep\u00fablica de Corea y Panam\u00e1.<\/strong><\/p>\n<p><strong>Esta visita, refuerza el compromiso de Panam\u00e1 para explorar oportunidades que impulsen el desarrollo econ\u00f3mico y la seguridad alimentaria.<\/strong><\/p>\n<p><strong>Para esta reuni\u00f3n, el embajador, estuvo acompa\u00f1ado por Shim Jaecheol, Segundo Secretario de la Embajada de Corea<\/strong>.<\/p>\n<\/div><div class=\"awb-gallery-wrapper awb-gallery-wrapper-1 button-span-no\" style=\"--more-btn-alignment:center;\"><div style=\"margin:-5px;--awb-bordersize:0px;\" class=\"fusion-gallery fusion-gallery-container fusion-grid-3 fusion-columns-total-1 fusion-gallery-layout-grid fusion-gallery-1\"><div style=\"padding:5px;\" class=\"fusion-grid-column fusion-gallery-column fusion-gallery-column-3 hover-type-none\"><div class=\"fusion-gallery-image\"><a href=\"https:\/\/sertv.gob.pa\/nacionalfm\/wp-content\/uploads\/sites\/6\/2025\/07\/PANAMA-Y-COREA-2.jpg\" rel=\"noreferrer\" data-rel=\"iLightbox[gallery_image_1]\" class=\"fusion-lightbox\" target=\"_self\"><img decoding=\"async\" src=\"https:\/\/sertv.gob.pa\/nacionalfm\/wp-content\/uploads\/sites\/6\/2025\/07\/PANAMA-Y-COREA-2.jpg\" width=\"600\" height=\"400\" alt=\"\" title=\"PANAM\u00c1 Y COREA 2\" aria-label=\"PANAM\u00c1 Y COREA 2\" class=\"img-responsive wp-image-109991\" srcset=\"https:\/\/sertv.gob.pa\/nacionalfm\/wp-content\/uploads\/sites\/6\/2025\/07\/PANAMA-Y-COREA-2-200x133.jpg 200w, https:\/\/sertv.gob.pa\/nacionalfm\/wp-content\/uploads\/sites\/6\/2025\/07\/PANAMA-Y-COREA-2-400x267.jpg 400w, https:\/\/sertv.gob.pa\/nacionalfm\/wp-content\/uploads\/sites\/6\/2025\/07\/PANAMA-Y-COREA-2.jpg 600w\" sizes=\"(min-width: 2200px) 100vw, (min-width: 784px) 363px, (min-width: 712px) 545px, (min-width: 640px) 712px, \" \/><\/a><\/div><\/div><\/div><\/div><\/div><\/div><\/div><\/div>\n","protected":false},"excerpt":{"rendered":"","protected":false},"author":9,"featured_media":109990,"comment_status":"closed","ping_status":"closed","sticky":false,"template":"","format":"standard","meta":{"footnotes":""},"categories":[2],"tags":[],"class_list":["post-109989","post","type-post","status-publish","format-standard","has-post-thumbnail","hentry","category-nacionales"],"_links":{"self":[{"href":"https:\/\/sertv.gob.pa\/nacionalfm\/wp-json\/wp\/v2\/posts\/109989","targetHints":{"allow":["GET"]}}],"collection":[{"href":"https:\/\/sertv.gob.pa\/nacionalfm\/wp-json\/wp\/v2\/posts"}],"about":[{"href":"https:\/\/sertv.gob.pa\/nacionalfm\/wp-json\/wp\/v2\/types\/post"}],"author":[{"embeddable":true,"href":"https:\/\/sertv.gob.pa\/nacionalfm\/wp-json\/wp\/v2\/users\/9"}],"replies":[{"embeddable":true,"href":"https:\/\/sertv.gob.pa\/nacionalfm\/wp-json\/wp\/v2\/comments?post=109989"}],"version-history":[{"count":2,"href":"https:\/\/sertv.gob.pa\/nacionalfm\/wp-json\/wp\/v2\/posts\/109989\/revisions"}],"predecessor-version":[{"id":109993,"href":"https:\/\/sertv.gob.pa\/nacionalfm\/wp-json\/wp\/v2\/posts\/109989\/revisions\/109993"}],"wp:featuredmedia":[{"embeddable":true,"href":"https:\/\/sertv.gob.pa\/nacionalfm\/wp-json\/wp\/v2\/media\/109990"}],"wp:attachment":[{"href":"https:\/\/sertv.gob.pa\/nacionalfm\/wp-json\/wp\/v2\/media?parent=109989"}],"wp:term":[{"taxonomy":"category","embeddable":true,"href":"https:\/\/sertv.gob.pa\/nacionalfm\/wp-json\/wp\/v2\/categories?post=109989"},{"taxonomy":"post_tag","embeddable":true,"href":"https:\/\/sertv.gob.pa\/nacionalfm\/wp-json\/wp\/v2\/tags?post=109989"}],"curies":[{"name":"wp","href":"https:\/\/api.w.org\/{rel}","templated":true}]}}