{"id":109994,"date":"2025-07-14T14:29:33","date_gmt":"2025-07-14T19:29:33","guid":{"rendered":"https:\/\/sertv.gob.pa\/nacionalfm\/?p=109994"},"modified":"2025-07-14T14:29:33","modified_gmt":"2025-07-14T19:29:33","slug":"miambiente-ejecuta-obras-para-la-nueva-sede-y-muelle-en-el-parque-nacional-coiba","status":"publish","type":"post","link":"https:\/\/sertv.gob.pa\/nacionalfm\/miambiente-ejecuta-obras-para-la-nueva-sede-y-muelle-en-el-parque-nacional-coiba\/","title":{"rendered":"MiAMBIENTE ejecuta obras para la nueva sede y muelle en el Parque Nacional Coiba"},"content":{"rendered":"<p><strong>Veraguas,\u00a0<\/strong><\/p>\n<p><strong>El Ministerio de Ambiente (MiAMBIENTE) informa que ya iniciaron los trabajos del proyecto \u201cEstudio, dise\u00f1o y rehabilitaci\u00f3n de la nueva sede administrativa y el muelle en el Parque Nacional Coiba\u201d, con el prop\u00f3sito de mejorar las condiciones log\u00edsticas, operativas y de atenci\u00f3n en esta importante \u00e1rea protegida del pa\u00eds.<\/strong><\/p>\n<p><strong>El proyecto contempla la construcci\u00f3n de nuevas infraestructuras que permitir\u00e1n un funcionamiento m\u00e1s eficiente del parque, incluyendo puestos de control para guardaparques, oficinas administrativas, caba\u00f1as para investigadores, cocinas, comedores, ba\u00f1os p\u00fablicos, un centro de visitantes, senderos ecol\u00f3gicos y un moderno muelle. Estas obras reemplazar\u00e1n edificaciones que actualmente se encuentran en estado de deterioro, garantizando espacios seguros y funcionales.<\/strong><\/p>\n<p><strong>Como parte de las labores, se ha iniciado la demolici\u00f3n de las caba\u00f1as existentes. Este proceso se lleva a cabo siguiendo protocolos especializados, en especial para el manejo seguro de materiales, cuyas partes est\u00e1n siendo trasladadas a un sitio previamente definido fuera del \u00e1rea protegida, respetando los lineamientos ambientales vigentes.<\/strong><\/p>\n<p><strong>Por razones de seguridad, y debido a los trabajos en la caba\u00f1a #6, el sendero Cerro Gambute ha sido cerrado de manera temporal. Esta decisi\u00f3n responde al uso de maquinaria pesada y materiales que requieren equipo de protecci\u00f3n, por lo que se ha determinado restringir el acceso hasta nuevo aviso para evitar cualquier riesgo a los visitantes.<\/strong><\/p>\n<p><strong>MiAMBIENTE ha delimitado la zona de intervenci\u00f3n y mantiene estrictas medidas de control y prevenci\u00f3n para salvaguardar la integridad de los visitantes, guardaparques y personal t\u00e9cnico. Reiteramos nuestro compromiso con la conservaci\u00f3n del Parque Nacional Coiba, haciendo \u00e9nfasis en la mejora de sus condiciones para beneficio del personal administrativo y de los turistas locales y extranjeros.<\/strong><\/p>\n","protected":false},"excerpt":{"rendered":"<p>Veraguas,\u00a0 El Ministerio de Ambiente (MiAMBIENTE) informa que ya iniciaron <a href=\"https:\/\/sertv.gob.pa\/nacionalfm\/miambiente-ejecuta-obras-para-la-nueva-sede-y-muelle-en-el-parque-nacional-coiba\/\"> [&#8230;]<\/a><\/p>\n","protected":false},"author":9,"featured_media":109995,"comment_status":"closed","ping_status":"closed","sticky":false,"template":"","format":"standard","meta":{"footnotes":""},"categories":[2],"tags":[],"class_list":["post-109994","post","type-post","status-publish","format-standard","has-post-thumbnail","hentry","category-nacionales"],"_links":{"self":[{"href":"https:\/\/sertv.gob.pa\/nacionalfm\/wp-json\/wp\/v2\/posts\/109994","targetHints":{"allow":["GET"]}}],"collection":[{"href":"https:\/\/sertv.gob.pa\/nacionalfm\/wp-json\/wp\/v2\/posts"}],"about":[{"href":"https:\/\/sertv.gob.pa\/nacionalfm\/wp-json\/wp\/v2\/types\/post"}],"author":[{"embeddable":true,"href":"https:\/\/sertv.gob.pa\/nacionalfm\/wp-json\/wp\/v2\/users\/9"}],"replies":[{"embeddable":true,"href":"https:\/\/sertv.gob.pa\/nacionalfm\/wp-json\/wp\/v2\/comments?post=109994"}],"version-history":[{"count":1,"href":"https:\/\/sertv.gob.pa\/nacionalfm\/wp-json\/wp\/v2\/posts\/109994\/revisions"}],"predecessor-version":[{"id":109996,"href":"https:\/\/sertv.gob.pa\/nacionalfm\/wp-json\/wp\/v2\/posts\/109994\/revisions\/109996"}],"wp:featuredmedia":[{"embeddable":true,"href":"https:\/\/sertv.gob.pa\/nacionalfm\/wp-json\/wp\/v2\/media\/109995"}],"wp:attachment":[{"href":"https:\/\/sertv.gob.pa\/nacionalfm\/wp-json\/wp\/v2\/media?parent=109994"}],"wp:term":[{"taxonomy":"category","embeddable":true,"href":"https:\/\/sertv.gob.pa\/nacionalfm\/wp-json\/wp\/v2\/categories?post=109994"},{"taxonomy":"post_tag","embeddable":true,"href":"https:\/\/sertv.gob.pa\/nacionalfm\/wp-json\/wp\/v2\/tags?post=109994"}],"curies":[{"name":"wp","href":"https:\/\/api.w.org\/{rel}","templated":true}]}}