{"id":109997,"date":"2025-07-15T08:18:35","date_gmt":"2025-07-15T13:18:35","guid":{"rendered":"https:\/\/sertv.gob.pa\/nacionalfm\/?p=109997"},"modified":"2025-07-15T08:18:35","modified_gmt":"2025-07-15T13:18:35","slug":"meduca-beneficia-a-estudiantes-de-la-escuela-guillermo-andreve-de-arraijan-con-proyecto-de-cosecha-de-agua","status":"publish","type":"post","link":"https:\/\/sertv.gob.pa\/nacionalfm\/meduca-beneficia-a-estudiantes-de-la-escuela-guillermo-andreve-de-arraijan-con-proyecto-de-cosecha-de-agua\/","title":{"rendered":"MEDUCA beneficia a estudiantes de la escuela Guillermo Andreve, de Arraij\u00e1n, con proyecto  de \u00abCosecha de Agua\u00bb"},"content":{"rendered":"<p><em><strong>Alrededor de 1,300 estudiantes del Centro Educativo Biling\u00fce Guillermo Andreve, ubicado en el distrito de Arraij\u00e1n, se benefician del proyecto de cosecha de agua, el cual incluye la instalaci\u00f3n de tanques de reserva para captar agua de lluvia, con la finalidad de usarla posteriormente para consumo humano y otras necesidades del plantel.<\/strong><\/em><\/p>\n<p><strong>Con respecto a esto, el viceministro Administrativo de Educaci\u00f3n, Roberto Sevillano, destac\u00f3 que, el Ministerio de Educaci\u00f3n (MEDUCA), con una partida de 32 mil balboas provenientes del Fondo de Equidad y Calidad de la Educaci\u00f3n (FECE), desarrolla el proyecto, que consiste en la instalaci\u00f3n de dos tanques de reserva de agua con capacidades de 10 mil y 5 mil litros.<\/strong><\/p>\n<p><strong>Este proyecto busca beneficiar a miles de estudiantes, especialmente aquellos en \u00e1reas de dif\u00edcil acceso, mediante la instalaci\u00f3n de tanques de reserva y sistemas de cosecha de agua. Est\u00e1 enfocado en garantizar el acceso al agua potable en escuelas ubicadas en zonas rurales e ind\u00edgenas, donde con frecuencia existe mayor dificultad para acceder a este recurso vital.<\/strong><\/p>\n<p><strong>Hay que resaltar que, con esta acci\u00f3n, se promueven pr\u00e1cticas sostenibles de gesti\u00f3n del agua, incluyendo la capacitaci\u00f3n del personal docente y los estudiantes sobre el uso responsable del recurso, fomentando la conciencia ambiental. De igual manera, el proyecto, contribuye a la sostenibilidad del sistema educativo y a la mejora de la calidad de vida de los estudiantes.<\/strong><\/p>\n","protected":false},"excerpt":{"rendered":"<p>Alrededor de 1,300 estudiantes del Centro Educativo Biling\u00fce Guillermo Andreve, <a href=\"https:\/\/sertv.gob.pa\/nacionalfm\/meduca-beneficia-a-estudiantes-de-la-escuela-guillermo-andreve-de-arraijan-con-proyecto-de-cosecha-de-agua\/\"> [&#8230;]<\/a><\/p>\n","protected":false},"author":9,"featured_media":109998,"comment_status":"closed","ping_status":"closed","sticky":false,"template":"","format":"standard","meta":{"footnotes":""},"categories":[2],"tags":[],"class_list":["post-109997","post","type-post","status-publish","format-standard","has-post-thumbnail","hentry","category-nacionales"],"_links":{"self":[{"href":"https:\/\/sertv.gob.pa\/nacionalfm\/wp-json\/wp\/v2\/posts\/109997","targetHints":{"allow":["GET"]}}],"collection":[{"href":"https:\/\/sertv.gob.pa\/nacionalfm\/wp-json\/wp\/v2\/posts"}],"about":[{"href":"https:\/\/sertv.gob.pa\/nacionalfm\/wp-json\/wp\/v2\/types\/post"}],"author":[{"embeddable":true,"href":"https:\/\/sertv.gob.pa\/nacionalfm\/wp-json\/wp\/v2\/users\/9"}],"replies":[{"embeddable":true,"href":"https:\/\/sertv.gob.pa\/nacionalfm\/wp-json\/wp\/v2\/comments?post=109997"}],"version-history":[{"count":2,"href":"https:\/\/sertv.gob.pa\/nacionalfm\/wp-json\/wp\/v2\/posts\/109997\/revisions"}],"predecessor-version":[{"id":110000,"href":"https:\/\/sertv.gob.pa\/nacionalfm\/wp-json\/wp\/v2\/posts\/109997\/revisions\/110000"}],"wp:featuredmedia":[{"embeddable":true,"href":"https:\/\/sertv.gob.pa\/nacionalfm\/wp-json\/wp\/v2\/media\/109998"}],"wp:attachment":[{"href":"https:\/\/sertv.gob.pa\/nacionalfm\/wp-json\/wp\/v2\/media?parent=109997"}],"wp:term":[{"taxonomy":"category","embeddable":true,"href":"https:\/\/sertv.gob.pa\/nacionalfm\/wp-json\/wp\/v2\/categories?post=109997"},{"taxonomy":"post_tag","embeddable":true,"href":"https:\/\/sertv.gob.pa\/nacionalfm\/wp-json\/wp\/v2\/tags?post=109997"}],"curies":[{"name":"wp","href":"https:\/\/api.w.org\/{rel}","templated":true}]}}