{"id":11000,"date":"2016-03-01T18:54:04","date_gmt":"2016-03-01T18:54:04","guid":{"rendered":""},"modified":"2016-03-01T18:54:04","modified_gmt":"2016-03-01T18:54:04","slug":"candelilla-villar-confiado-en-vencer-al-raton-de-oro-tello","status":"publish","type":"post","link":"https:\/\/sertv.gob.pa\/nacionalfm\/candelilla-villar-confiado-en-vencer-al-raton-de-oro-tello\/","title":{"rendered":"\u201cCandelilla\u201d Villar confiado en vencer \u201cAl Rat\u00f3n de Oro\u201d Tello"},"content":{"rendered":"<p>\nEl invicto p\u00fagil de Pacora Azael&rdquo; Candelilla&rdquo; Villar se manifiesta confiado en su preparaci\u00f3n para su dif\u00edcil encuentro ante su m\u00e1s experimentado rival, el chiricano Walter &ldquo;El Rat\u00f3n de Oro&rdquo; Tello, el pr\u00f3ximo 10 de marzo en el Centro de Convenciones Vasco N\u00fa\u00f1ez de Balboa del Hotel Panam\u00e1. <\/p>\n<p>El combate, que ser\u00e1 el co-estelar de la Funci\u00f3n &ldquo;De Poder a Poder&rdquo; ha despertado gran inter\u00e9s por los estilos de ambos boxeadores: \u00a0por un lado, &ldquo;Candelilla&rdquo; Villar, quien en sus \u00a011 combates se ha caracterizado por un estilo agresivo, basado en su fuerte pegada, mientras que Walter Tello, uno de los mejores estilistas de la actualidad en los pesos chicos en Panam\u00e1 ha sabido imponer su estilo box\u00edstico ante los mejores del patio, lo que le ha valido para disputar campeonato mundial en 3 ocasiones. <\/p>\n<p>La experiencia de Walter Tello, quien ha sostenido 30 combates, incluyendo 3 de t\u00edtulo mundial, parece no intimidar a Villar, quien al respecto, \u00a0sentenci\u00f3 de manera tajante:\u00a0&ldquo;Mi meta es llegar a ser grande, ya su tiempo pas\u00f3 y ahora me toca a m\u00ed&rdquo;. <\/p>\n<p>En relaci\u00f3n al estilo h\u00e1bil y elusivo de su rival, tambi\u00e9n dio muestras de que se siente preparado: &ldquo;Tellito dice que tiene la experiencia pero ya yo s\u00e9 como ganarle.\u00a0 \u00c9l es correl\u00f3n pero cuando le meta unos buenos bombazos \u00e9l no va a aguantar y con mi preparaci\u00f3n, lo voy a dormir&rdquo; <\/p>\n<p>\u00a0 <\/p>\n","protected":false},"excerpt":{"rendered":"<p>El invicto p\u00fagil de Pacora Azael&rdquo; Candelilla&rdquo; Villar se manifiesta <a href=\"https:\/\/sertv.gob.pa\/nacionalfm\/candelilla-villar-confiado-en-vencer-al-raton-de-oro-tello\/\"> [&#8230;]<\/a><\/p>\n","protected":false},"author":1,"featured_media":11001,"comment_status":"closed","ping_status":"closed","sticky":false,"template":"","format":"standard","meta":{"footnotes":""},"categories":[4],"tags":[],"class_list":["post-11000","post","type-post","status-publish","format-standard","has-post-thumbnail","hentry","category-deportes"],"_links":{"self":[{"href":"https:\/\/sertv.gob.pa\/nacionalfm\/wp-json\/wp\/v2\/posts\/11000","targetHints":{"allow":["GET"]}}],"collection":[{"href":"https:\/\/sertv.gob.pa\/nacionalfm\/wp-json\/wp\/v2\/posts"}],"about":[{"href":"https:\/\/sertv.gob.pa\/nacionalfm\/wp-json\/wp\/v2\/types\/post"}],"author":[{"embeddable":true,"href":"https:\/\/sertv.gob.pa\/nacionalfm\/wp-json\/wp\/v2\/users\/1"}],"replies":[{"embeddable":true,"href":"https:\/\/sertv.gob.pa\/nacionalfm\/wp-json\/wp\/v2\/comments?post=11000"}],"version-history":[{"count":0,"href":"https:\/\/sertv.gob.pa\/nacionalfm\/wp-json\/wp\/v2\/posts\/11000\/revisions"}],"wp:featuredmedia":[{"embeddable":true,"href":"https:\/\/sertv.gob.pa\/nacionalfm\/wp-json\/wp\/v2\/media\/11001"}],"wp:attachment":[{"href":"https:\/\/sertv.gob.pa\/nacionalfm\/wp-json\/wp\/v2\/media?parent=11000"}],"wp:term":[{"taxonomy":"category","embeddable":true,"href":"https:\/\/sertv.gob.pa\/nacionalfm\/wp-json\/wp\/v2\/categories?post=11000"},{"taxonomy":"post_tag","embeddable":true,"href":"https:\/\/sertv.gob.pa\/nacionalfm\/wp-json\/wp\/v2\/tags?post=11000"}],"curies":[{"name":"wp","href":"https:\/\/api.w.org\/{rel}","templated":true}]}}