{"id":110001,"date":"2025-07-15T08:47:48","date_gmt":"2025-07-15T13:47:48","guid":{"rendered":"https:\/\/sertv.gob.pa\/nacionalfm\/?p=110001"},"modified":"2025-07-15T08:47:48","modified_gmt":"2025-07-15T13:47:48","slug":"programa-padrino-empresario-del-mides-promueve-el-empleo-y-previene-la-desercion-escolar-en-mas-de-500-jovenes","status":"publish","type":"post","link":"https:\/\/sertv.gob.pa\/nacionalfm\/programa-padrino-empresario-del-mides-promueve-el-empleo-y-previene-la-desercion-escolar-en-mas-de-500-jovenes\/","title":{"rendered":"Programa \u00abPadrino Empresario\u00bb del MIDES, promueve el empleo y previene la deserci\u00f3n escolar en m\u00e1s de 500 j\u00f3venes"},"content":{"rendered":"<ul>\n<li><strong><em>En el 2024, cerca de 100 estudiantes que participaron del programa obtuvieron su bachillerato, un logro importante en el \u00e1mbito educativo.<\/em><\/strong><\/li>\n<li><strong><em>Esta administraci\u00f3n, aument\u00f3 el pago de las becas laborales, permitiendo que los j\u00f3venes reciban mayores beneficios.<\/em><\/strong><\/li>\n<\/ul>\n<p>&nbsp;<\/p>\n<p><strong>Un total de 547 estudiantes en situaci\u00f3n de vulnerabilidad de distintas regiones del pa\u00eds han resultados beneficiados por el programa Padrino Empresario, una iniciativa del Ministerio de Desarrollo Social de Panam\u00e1 (MIDES) , el cual busca prevenir la deserci\u00f3n escolar y brindar oportunidades de formaci\u00f3n y empleo a j\u00f3venes entre 15 y 17 a\u00f1os.<\/strong><\/p>\n<p><strong>Estas cifras, corresponden al primer a\u00f1o de gesti\u00f3n de la ministra Beatriz Carles, y su pol\u00edtica de Estado enfocada en impulsar la educaci\u00f3n y el desarrollo integral de la juventud.<\/strong><\/p>\n<p><strong>Este programa, combina el apoyo del sector privado con un modelo de becas laborales, permitiendo a los j\u00f3venes estudiantes, adquirir experiencia en pasant\u00edas, mientras fortalecen valores, mejoran su actitud hacia el estudio y desarrollan habilidades para la vida y el trabajo.<\/strong><\/p>\n<p><strong>Durante el a\u00f1o 2024, cerca de 100 estudiantes del programa, consiguieron culminar su educaci\u00f3n media y obtener su diploma de bachiller, un logro significativo en su trayectoria acad\u00e9mica y personal.<\/strong><\/p>\n<p><strong>En la actualidad, 96 empresas forman parte de esta iniciativa p\u00fablica-privada, lo que ha sido clave en el \u00e9xito de la iniciativa.<\/strong><\/p>\n<p><strong>Roberto Amo, coordinador del programa, dio a conocer que, anualmente se desembolsan B\/. 570,000 en concepto de becas, una inversi\u00f3n que impacta directamente en la calidad de vida de los beneficiarios y sus familias.<\/strong><\/p>\n<p><strong>Amo, adelant\u00f3 que, la meta para el cierre de 2025, es aumentar en un 30% la participaci\u00f3n del sector empresarial, lo que permitir\u00eda elevar el fondo de becas a B\/. 700,000 y ampliar el n\u00famero de beneficiarios.<\/strong><\/p>\n<p><strong>\u201cPadrino Empresario, es una herramienta poderosa contra la deserci\u00f3n escolar. Promueve el primer empleo, fortalece la formaci\u00f3n integral del estudiante y contribuye al desarrollo de las empresas con j\u00f3venes entusiastas y comprometidos\u201d, destac\u00f3 Amo.<\/strong><\/p>\n<p><strong>El programa, tambi\u00e9n es estrat\u00e9gico para las empresas, puesto que les permite formar futuros colaboradores alineados con sus valores y procesos. As\u00ed, se facilita la inserci\u00f3n laboral de j\u00f3venes con experiencia previa, \u00e9tica de trabajo y compromiso.<\/strong><\/p>\n<p><strong>Cabe recordar que Padrino Empresario, forma parte del programa Mi Primer Empleo, que en su primera etapa, ha logrado insertar al mercado laboral a 624 j\u00f3venes.<\/strong><\/p>\n<p><strong>De acuerdo con estad\u00edsticas del MIDES, el 60 % de los participantes son hombres y el 40 %, mujeres.<\/strong><\/p>\n<p><em><strong>Aumento en el monto de becas<\/strong><\/em><\/p>\n<p><strong>Es importante mencionar, que uno de los avances recientes, ha sido el incremento de 10 d\u00f3lares en el monto de las becas, permitiendo que los estudiantes reciban entre B\/. 152.50 a B\/. 310.00 mensuales, seg\u00fan la cantidad de horas de formaci\u00f3n diaria, que oscila entre 3 y 6 horas.<\/strong><\/p>\n<p><strong>Esta medida, ha permitido que muchos estudiantes no solo concluyan sus estudios, sino que tambi\u00e9n, inicien peque\u00f1os emprendimientos que les generan ingresos adicionales.<\/strong><\/p>\n<p><strong>Durante el per\u00edodo de pasant\u00eda, los j\u00f3venes, reciben acompa\u00f1amiento acad\u00e9mico y social. El monitoreo, incluye revisi\u00f3n de boletines, comprobantes de matr\u00edcula y visitas escolares. De igual forma, participan en jornadas de capacitaci\u00f3n dirigidas tanto a los adolescentes como a sus tutores, abordando temas relevantes a su entorno y realidad.<\/strong><\/p>\n<p><strong>Con 38 a\u00f1os de trayectoria, el programa, ha beneficiado a m\u00e1s de 30,000 adolescentes, con una inversi\u00f3n acumulada superior a B\/. 15 millones en becas.<\/strong><\/p>\n<p>&nbsp;<\/p>\n<p>&nbsp;<\/p>\n","protected":false},"excerpt":{"rendered":"<p>En el 2024, cerca de 100 estudiantes que participaron del <a href=\"https:\/\/sertv.gob.pa\/nacionalfm\/programa-padrino-empresario-del-mides-promueve-el-empleo-y-previene-la-desercion-escolar-en-mas-de-500-jovenes\/\"> [&#8230;]<\/a><\/p>\n","protected":false},"author":9,"featured_media":110002,"comment_status":"closed","ping_status":"closed","sticky":false,"template":"","format":"standard","meta":{"footnotes":""},"categories":[2],"tags":[],"class_list":["post-110001","post","type-post","status-publish","format-standard","has-post-thumbnail","hentry","category-nacionales"],"_links":{"self":[{"href":"https:\/\/sertv.gob.pa\/nacionalfm\/wp-json\/wp\/v2\/posts\/110001","targetHints":{"allow":["GET"]}}],"collection":[{"href":"https:\/\/sertv.gob.pa\/nacionalfm\/wp-json\/wp\/v2\/posts"}],"about":[{"href":"https:\/\/sertv.gob.pa\/nacionalfm\/wp-json\/wp\/v2\/types\/post"}],"author":[{"embeddable":true,"href":"https:\/\/sertv.gob.pa\/nacionalfm\/wp-json\/wp\/v2\/users\/9"}],"replies":[{"embeddable":true,"href":"https:\/\/sertv.gob.pa\/nacionalfm\/wp-json\/wp\/v2\/comments?post=110001"}],"version-history":[{"count":1,"href":"https:\/\/sertv.gob.pa\/nacionalfm\/wp-json\/wp\/v2\/posts\/110001\/revisions"}],"predecessor-version":[{"id":110003,"href":"https:\/\/sertv.gob.pa\/nacionalfm\/wp-json\/wp\/v2\/posts\/110001\/revisions\/110003"}],"wp:featuredmedia":[{"embeddable":true,"href":"https:\/\/sertv.gob.pa\/nacionalfm\/wp-json\/wp\/v2\/media\/110002"}],"wp:attachment":[{"href":"https:\/\/sertv.gob.pa\/nacionalfm\/wp-json\/wp\/v2\/media?parent=110001"}],"wp:term":[{"taxonomy":"category","embeddable":true,"href":"https:\/\/sertv.gob.pa\/nacionalfm\/wp-json\/wp\/v2\/categories?post=110001"},{"taxonomy":"post_tag","embeddable":true,"href":"https:\/\/sertv.gob.pa\/nacionalfm\/wp-json\/wp\/v2\/tags?post=110001"}],"curies":[{"name":"wp","href":"https:\/\/api.w.org\/{rel}","templated":true}]}}