{"id":110007,"date":"2025-07-15T09:30:29","date_gmt":"2025-07-15T14:30:29","guid":{"rendered":"https:\/\/sertv.gob.pa\/nacionalfm\/?p=110007"},"modified":"2025-07-15T09:30:29","modified_gmt":"2025-07-15T14:30:29","slug":"empresa-chiricana-consigue-su-primera-exportacion-al-mercado-internacional-con-el-respaldo-del-mici","status":"publish","type":"post","link":"https:\/\/sertv.gob.pa\/nacionalfm\/empresa-chiricana-consigue-su-primera-exportacion-al-mercado-internacional-con-el-respaldo-del-mici\/","title":{"rendered":"Empresa chiricana consigue su primera exportaci\u00f3n al mercado internacional con el respaldo del MICI"},"content":{"rendered":"<p><em><strong>La empresa Calizas Finas Chiriqu\u00ed, concret\u00f3 recientemente, su primera exportaci\u00f3n al mercado internacional, al enviar cuatro contenedores de mortero cementicio y pegamento de baldosas hacia Aruba, esto se dio, con el respaldo del Ministerio de Comercio e Industrias de Panam\u00e1 (MICI). Este logro, marca un hito para el sector productivo del interior del pa\u00eds y refuerza el posicionamiento de Panam\u00e1, en cuanto a los mercados del Caribe.<\/strong><\/em><\/p>\n<p><strong>Los productos, comercializados bajo la marca Reno, ser\u00e1n utilizados posteriormente, en la construcci\u00f3n de un proyecto hotelero de gran envergadura en la isla. Esta operaci\u00f3n, es resultado directo de la participaci\u00f3n de la empresa en una de las misiones comerciales al Caribe organizadas por el MICI, que tienen como prop\u00f3sito, el conectar a empresas paname\u00f1as con compradores internacionales y de esta manera, facilitar el proceso de exportaci\u00f3n a trav\u00e9s de agendas t\u00e9cnicas, ruedas de negocios y acompa\u00f1amiento institucional.<\/strong><\/p>\n<p><strong>\u201cEl Ministerio de Comercio e Industrias se enorgullece de ver c\u00f3mo empresas del interior del pa\u00eds, est\u00e1n logrando abrirse paso en mercados internacionales. Seguiremos trabajando para que m\u00e1s productores paname\u00f1os, como Calizas Finas Chiriqu\u00ed, accedan a nuevas oportunidades comerciales\u201d, afirm\u00f3 Eric Dormoi, director nacional de Promoci\u00f3n de las Exportaciones del MICI.<\/strong><\/p>\n<p><strong>Calizas Finas Chiriqu\u00ed, especializada en la transformaci\u00f3n de carbonato de calcio, enmiendas agr\u00edcolas, productos para la construcci\u00f3n y aditivos para concreto, se convierte as\u00ed, en una de las nuevas exportadoras paname\u00f1as que contribuyen a diversificar y fortalecer la oferta nacional en el exterior.<\/strong><\/p>\n<p><strong>\u201cEste es un paso enorme para nuestra empresa y para todo el equipo que lo hizo posible. Exportar a Aruba, nos abre nuevas puertas, y el acompa\u00f1amiento del MICI fue clave para hacerlo realidad\u201d, manifest\u00f3 Mauricio Rodr\u00edguez Fung, director de Calizas Finas Chiriqu\u00ed.<\/strong><\/p>\n<p><strong>Con este tipo de iniciativas, el MICI, reafirma su compromiso de impulsar el desarrollo econ\u00f3mico desde todas las regiones del pa\u00eds, fomentando una cultura exportadora s\u00f3lida que contribuye al crecimiento sostenible y a la diversificaci\u00f3n de la econom\u00eda paname\u00f1a.<\/strong><\/p>\n","protected":false},"excerpt":{"rendered":"<p>La empresa Calizas Finas Chiriqu\u00ed, concret\u00f3 recientemente, su primera exportaci\u00f3n <a href=\"https:\/\/sertv.gob.pa\/nacionalfm\/empresa-chiricana-consigue-su-primera-exportacion-al-mercado-internacional-con-el-respaldo-del-mici\/\"> [&#8230;]<\/a><\/p>\n","protected":false},"author":9,"featured_media":110008,"comment_status":"closed","ping_status":"closed","sticky":false,"template":"","format":"standard","meta":{"footnotes":""},"categories":[2],"tags":[],"class_list":["post-110007","post","type-post","status-publish","format-standard","has-post-thumbnail","hentry","category-nacionales"],"_links":{"self":[{"href":"https:\/\/sertv.gob.pa\/nacionalfm\/wp-json\/wp\/v2\/posts\/110007","targetHints":{"allow":["GET"]}}],"collection":[{"href":"https:\/\/sertv.gob.pa\/nacionalfm\/wp-json\/wp\/v2\/posts"}],"about":[{"href":"https:\/\/sertv.gob.pa\/nacionalfm\/wp-json\/wp\/v2\/types\/post"}],"author":[{"embeddable":true,"href":"https:\/\/sertv.gob.pa\/nacionalfm\/wp-json\/wp\/v2\/users\/9"}],"replies":[{"embeddable":true,"href":"https:\/\/sertv.gob.pa\/nacionalfm\/wp-json\/wp\/v2\/comments?post=110007"}],"version-history":[{"count":2,"href":"https:\/\/sertv.gob.pa\/nacionalfm\/wp-json\/wp\/v2\/posts\/110007\/revisions"}],"predecessor-version":[{"id":110010,"href":"https:\/\/sertv.gob.pa\/nacionalfm\/wp-json\/wp\/v2\/posts\/110007\/revisions\/110010"}],"wp:featuredmedia":[{"embeddable":true,"href":"https:\/\/sertv.gob.pa\/nacionalfm\/wp-json\/wp\/v2\/media\/110008"}],"wp:attachment":[{"href":"https:\/\/sertv.gob.pa\/nacionalfm\/wp-json\/wp\/v2\/media?parent=110007"}],"wp:term":[{"taxonomy":"category","embeddable":true,"href":"https:\/\/sertv.gob.pa\/nacionalfm\/wp-json\/wp\/v2\/categories?post=110007"},{"taxonomy":"post_tag","embeddable":true,"href":"https:\/\/sertv.gob.pa\/nacionalfm\/wp-json\/wp\/v2\/tags?post=110007"}],"curies":[{"name":"wp","href":"https:\/\/api.w.org\/{rel}","templated":true}]}}