{"id":110011,"date":"2025-07-15T09:50:49","date_gmt":"2025-07-15T14:50:49","guid":{"rendered":"https:\/\/sertv.gob.pa\/nacionalfm\/?p=110011"},"modified":"2025-07-15T09:50:49","modified_gmt":"2025-07-15T14:50:49","slug":"tecnicos-panamenos-presentes-en-segunda-reunion-de-monitoreo-regional-sobre-cafe-y-cambio-climatico-en-el-salvador","status":"publish","type":"post","link":"https:\/\/sertv.gob.pa\/nacionalfm\/tecnicos-panamenos-presentes-en-segunda-reunion-de-monitoreo-regional-sobre-cafe-y-cambio-climatico-en-el-salvador\/","title":{"rendered":"T\u00e9cnicos paname\u00f1os presentes en segunda reuni\u00f3n de monitoreo regional sobre Caf\u00e9 y Cambio Clim\u00e1tico, en El Salvador"},"content":{"rendered":"<p><em><strong>Dos expertos paname\u00f1os, Norberto Rivas y V\u00edctor Medina, ambos t\u00e9cnicos del Ministerio de Desarrollo Agropecuario (MIDA) de Panam\u00e1 Oeste, se encuentran representando al pa\u00eds, en la segunda reuni\u00f3n de monitoreo del proyecto \u00abEvaluaci\u00f3n de Tecnolog\u00edas de Poda e Identificaci\u00f3n de Materiales Promisorios de Caf\u00e9 Frente al Cambio Clim\u00e1tico en Am\u00e9rica Latina\u00bb.<\/strong><\/em><\/p>\n<p><strong>Este encuentro, se est\u00e1 llevando a cabo del 13 al 19 de julio de 2025 en El Salvador. Este proyecto, bajo la direcci\u00f3n de la Direcci\u00f3n Nacional de Agricultura, tiene como objetivo primordial innovar y optimizar las pr\u00e1cticas agr\u00edcolas en la producci\u00f3n cafetalera, con un enfoque crucial en la adaptaci\u00f3n a los retos impuestos por el cambio clim\u00e1tico.<\/strong><\/p>\n<p><strong>Panam\u00e1 Oeste, juega un papel fundamental en esta iniciativa, con ensayos y estudios realizados en la regi\u00f3n que son parte integral de la investigaci\u00f3n.<\/strong><\/p>\n<p><strong>Esta participaci\u00f3n, subraya el compromiso de Panam\u00e1, en la b\u00fasqueda de soluciones sostenibles para el vital sector cafetalero.<\/strong><\/p>\n<p><strong>Cabe resaltar, que la presencia de Rivas y Medina en El Salvador, no solo fortalece el intercambio de conocimientos y experiencias entre las naciones latinoamericanas, sino que tambi\u00e9n impulsa el desarrollo de estrategias efectivas para robustecer la resiliencia del cultivo de caf\u00e9 en toda la regi\u00f3n.<\/strong><\/p>\n","protected":false},"excerpt":{"rendered":"<p>Dos expertos paname\u00f1os, Norberto Rivas y V\u00edctor Medina, ambos t\u00e9cnicos <a href=\"https:\/\/sertv.gob.pa\/nacionalfm\/tecnicos-panamenos-presentes-en-segunda-reunion-de-monitoreo-regional-sobre-cafe-y-cambio-climatico-en-el-salvador\/\"> [&#8230;]<\/a><\/p>\n","protected":false},"author":9,"featured_media":110012,"comment_status":"closed","ping_status":"closed","sticky":false,"template":"","format":"standard","meta":{"footnotes":""},"categories":[2],"tags":[],"class_list":["post-110011","post","type-post","status-publish","format-standard","has-post-thumbnail","hentry","category-nacionales"],"_links":{"self":[{"href":"https:\/\/sertv.gob.pa\/nacionalfm\/wp-json\/wp\/v2\/posts\/110011","targetHints":{"allow":["GET"]}}],"collection":[{"href":"https:\/\/sertv.gob.pa\/nacionalfm\/wp-json\/wp\/v2\/posts"}],"about":[{"href":"https:\/\/sertv.gob.pa\/nacionalfm\/wp-json\/wp\/v2\/types\/post"}],"author":[{"embeddable":true,"href":"https:\/\/sertv.gob.pa\/nacionalfm\/wp-json\/wp\/v2\/users\/9"}],"replies":[{"embeddable":true,"href":"https:\/\/sertv.gob.pa\/nacionalfm\/wp-json\/wp\/v2\/comments?post=110011"}],"version-history":[{"count":1,"href":"https:\/\/sertv.gob.pa\/nacionalfm\/wp-json\/wp\/v2\/posts\/110011\/revisions"}],"predecessor-version":[{"id":110013,"href":"https:\/\/sertv.gob.pa\/nacionalfm\/wp-json\/wp\/v2\/posts\/110011\/revisions\/110013"}],"wp:featuredmedia":[{"embeddable":true,"href":"https:\/\/sertv.gob.pa\/nacionalfm\/wp-json\/wp\/v2\/media\/110012"}],"wp:attachment":[{"href":"https:\/\/sertv.gob.pa\/nacionalfm\/wp-json\/wp\/v2\/media?parent=110011"}],"wp:term":[{"taxonomy":"category","embeddable":true,"href":"https:\/\/sertv.gob.pa\/nacionalfm\/wp-json\/wp\/v2\/categories?post=110011"},{"taxonomy":"post_tag","embeddable":true,"href":"https:\/\/sertv.gob.pa\/nacionalfm\/wp-json\/wp\/v2\/tags?post=110011"}],"curies":[{"name":"wp","href":"https:\/\/api.w.org\/{rel}","templated":true}]}}