{"id":110014,"date":"2025-07-15T10:10:44","date_gmt":"2025-07-15T15:10:44","guid":{"rendered":"https:\/\/sertv.gob.pa\/nacionalfm\/?p=110014"},"modified":"2025-07-15T10:10:44","modified_gmt":"2025-07-15T15:10:44","slug":"equipos-tecnicos-de-aduanas-y-la-attt-sostienen-reunion-para-coordinar-medidas-sobre-el-transporte-de-carga-terrestre","status":"publish","type":"post","link":"https:\/\/sertv.gob.pa\/nacionalfm\/equipos-tecnicos-de-aduanas-y-la-attt-sostienen-reunion-para-coordinar-medidas-sobre-el-transporte-de-carga-terrestre\/","title":{"rendered":"Equipos t\u00e9cnicos de Aduanas y la ATTT, sostienen reuni\u00f3n para coordinar medidas sobre el transporte de carga terrestre"},"content":{"rendered":"<p><em><strong>Equipos t\u00e9cnicos de la Autoridad de Tr\u00e1nsito y Transporte Terrestre (ATTT) y de la Autoridad Nacional de Aduanas (ANA) sostuvieron en la sede central de Aduanas de Panam\u00e1, una reuni\u00f3n de coordinaci\u00f3n de acciones sobre el transporte de carga terrestre, con la finalidad de mejorar la transparencia de estas operaciones en territorio nacional.<\/strong><\/em><\/p>\n<p><strong>El equipo de aduanas estuvo encabezado por Reynaldo Bello, Subdirector Log\u00edstico y por la ATTT el Director Sim\u00f3n Henr\u00edquez, quienes consensuaron sobre las medidas en virtud de algunas inconsistencias de los transportistas como robos a las unidades de cargas en algunos puntos.<\/strong><\/p>\n<p><strong>Tambi\u00e9n se analizaron otros aspectos como la comunicaci\u00f3n entre las instituciones, revisi\u00f3n de los veh\u00edculos, as\u00ed como los avances de ambas entidades en el trabajo conjunto en el sector fronterizo y aspectos legales contemplados en la ley 51 de 2015.<\/strong><\/p>\n<p><strong>Los equipos de ambas entidades acordaron fortalecer la comunicaci\u00f3n institucional, el control, en materia de pesas y dimensiones y tecnolog\u00eda mediante una mesa trabajo interinstitucional.<\/strong><\/p>\n","protected":false},"excerpt":{"rendered":"<p>Equipos t\u00e9cnicos de la Autoridad de Tr\u00e1nsito y Transporte Terrestre <a href=\"https:\/\/sertv.gob.pa\/nacionalfm\/equipos-tecnicos-de-aduanas-y-la-attt-sostienen-reunion-para-coordinar-medidas-sobre-el-transporte-de-carga-terrestre\/\"> [&#8230;]<\/a><\/p>\n","protected":false},"author":9,"featured_media":110015,"comment_status":"closed","ping_status":"closed","sticky":false,"template":"","format":"standard","meta":{"footnotes":""},"categories":[2],"tags":[],"class_list":["post-110014","post","type-post","status-publish","format-standard","has-post-thumbnail","hentry","category-nacionales"],"_links":{"self":[{"href":"https:\/\/sertv.gob.pa\/nacionalfm\/wp-json\/wp\/v2\/posts\/110014","targetHints":{"allow":["GET"]}}],"collection":[{"href":"https:\/\/sertv.gob.pa\/nacionalfm\/wp-json\/wp\/v2\/posts"}],"about":[{"href":"https:\/\/sertv.gob.pa\/nacionalfm\/wp-json\/wp\/v2\/types\/post"}],"author":[{"embeddable":true,"href":"https:\/\/sertv.gob.pa\/nacionalfm\/wp-json\/wp\/v2\/users\/9"}],"replies":[{"embeddable":true,"href":"https:\/\/sertv.gob.pa\/nacionalfm\/wp-json\/wp\/v2\/comments?post=110014"}],"version-history":[{"count":2,"href":"https:\/\/sertv.gob.pa\/nacionalfm\/wp-json\/wp\/v2\/posts\/110014\/revisions"}],"predecessor-version":[{"id":110017,"href":"https:\/\/sertv.gob.pa\/nacionalfm\/wp-json\/wp\/v2\/posts\/110014\/revisions\/110017"}],"wp:featuredmedia":[{"embeddable":true,"href":"https:\/\/sertv.gob.pa\/nacionalfm\/wp-json\/wp\/v2\/media\/110015"}],"wp:attachment":[{"href":"https:\/\/sertv.gob.pa\/nacionalfm\/wp-json\/wp\/v2\/media?parent=110014"}],"wp:term":[{"taxonomy":"category","embeddable":true,"href":"https:\/\/sertv.gob.pa\/nacionalfm\/wp-json\/wp\/v2\/categories?post=110014"},{"taxonomy":"post_tag","embeddable":true,"href":"https:\/\/sertv.gob.pa\/nacionalfm\/wp-json\/wp\/v2\/tags?post=110014"}],"curies":[{"name":"wp","href":"https:\/\/api.w.org\/{rel}","templated":true}]}}