{"id":110018,"date":"2025-07-15T10:39:01","date_gmt":"2025-07-15T15:39:01","guid":{"rendered":"https:\/\/sertv.gob.pa\/nacionalfm\/?p=110018"},"modified":"2025-07-15T10:39:01","modified_gmt":"2025-07-15T15:39:01","slug":"la-educacion-esta-presente-en-los-centros-educativos","status":"publish","type":"post","link":"https:\/\/sertv.gob.pa\/nacionalfm\/la-educacion-esta-presente-en-los-centros-educativos\/","title":{"rendered":"La educaci\u00f3n est\u00e1 presente en los centros educativos"},"content":{"rendered":"<div class=\"fusion-fullwidth fullwidth-box fusion-builder-row-1 fusion-flex-container nonhundred-percent-fullwidth non-hundred-percent-height-scrolling\" style=\"--awb-border-radius-top-left:0px;--awb-border-radius-top-right:0px;--awb-border-radius-bottom-right:0px;--awb-border-radius-bottom-left:0px;--awb-flex-wrap:wrap;\" ><div class=\"fusion-builder-row fusion-row fusion-flex-align-items-flex-start fusion-flex-content-wrap\" style=\"max-width:1144px;margin-left: calc(-4% \/ 2 );margin-right: calc(-4% \/ 2 );\"><div class=\"fusion-layout-column fusion_builder_column fusion-builder-column-0 fusion_builder_column_1_1 1_1 fusion-flex-column\" style=\"--awb-bg-size:cover;--awb-width-large:100%;--awb-margin-top-large:0px;--awb-spacing-right-large:1.92%;--awb-margin-bottom-large:0px;--awb-spacing-left-large:1.92%;--awb-width-medium:100%;--awb-spacing-right-medium:1.92%;--awb-spacing-left-medium:1.92%;--awb-width-small:100%;--awb-spacing-right-small:1.92%;--awb-spacing-left-small:1.92%;\"><div class=\"fusion-column-wrapper fusion-flex-justify-content-flex-start fusion-content-layout-column\"><div class=\"fusion-text fusion-text-1\"><p><strong>La educaci\u00f3n est\u00e1 presente en las regiones educativas del pa\u00eds, donde las clases retomaron su normalidad este lunes, 14 de julio de 2025, garantizando el Ministerio de Educaci\u00f3n (Meduca) y la comunidad educativa, la continuidad del proceso acad\u00e9mico para los estudiantes del sector oficial, quienes iniciaron la cuarta semana del segundo trimestre del a\u00f1o lectivo.<\/strong><\/p>\n<p><strong>Desde el Meduca, expresamos nuestro agradecimiento a la poblaci\u00f3n estudiantil, docentes, directores y padres de familia que hoy, con entusiasmo y compromiso, buscan fortalecer el proceso educativo y el desarrollo de las actividades acad\u00e9micas.<\/strong><\/p>\n<p><strong>Por lo tanto, reafirmamos nuestra voluntad de continuar promoviendo un ambiente de respeto y colaboraci\u00f3n en todas las escuelas. Asimismo, invitamos a la comunidad educativa a retomar con responsabilidad y compromiso las tareas escolares, convencidos de que, construiremos un futuro mejor para nuestros estudiantes y para el pa\u00eds.<\/strong><\/p>\n<p><strong>Reiteramos a los alumnos de duod\u00e9cimo grado la importancia de aprovechar al m\u00e1ximo los seminarios ofrecidos por universidades oficiales y particulares, los cuales representan una valiosa oportunidad para fortalecer sus conocimientos y prepararse para la educaci\u00f3n superior. Asimismo, los invitamos a utilizar las Gu\u00edas de Aprendizaje como un recurso complementario que contribuye al desarrollo acad\u00e9mico. Dichas gu\u00edas est\u00e1n disponibles en los sitios oficiales: www.meduca.gob.pa y www.educapanama.edu.pa.<\/strong><\/p>\n<p><strong>En cuanto a los hechos ocurridos en el Centro Educativo Miguel Alba en la regi\u00f3n escolar de Veraguas y en \u00e1reas comarcales se iniciaron acciones para garantizar el proceso de ense\u00f1anza-aprendizaje.<\/strong><\/p>\n<p><strong>Con el prop\u00f3sito de avanzar en sus metas acad\u00e9micas y personales, exhortamos a toda la comunidad estudiantil a aprovechar al m\u00e1ximo las oportunidades de aprendizaje durante este segundo trimestre, el cual culminar\u00e1 el pr\u00f3ximo 12 de septiembre.<\/strong><\/p>\n<\/div><div class=\"awb-gallery-wrapper awb-gallery-wrapper-1 button-span-no\" style=\"--more-btn-alignment:center;\"><div style=\"margin:-5px;--awb-bordersize:0px;\" class=\"fusion-gallery fusion-gallery-container fusion-grid-3 fusion-columns-total-6 fusion-gallery-layout-grid fusion-gallery-1\"><div style=\"padding:5px;\" class=\"fusion-grid-column fusion-gallery-column fusion-gallery-column-3 hover-type-none\"><div class=\"fusion-gallery-image\"><a href=\"https:\/\/sertv.gob.pa\/nacionalfm\/wp-content\/uploads\/sites\/6\/2025\/07\/ESCUELA-REGRESO-2.jpeg\" rel=\"noreferrer\" data-rel=\"iLightbox[gallery_image_1]\" class=\"fusion-lightbox\" target=\"_self\"><img decoding=\"async\" src=\"https:\/\/sertv.gob.pa\/nacionalfm\/wp-content\/uploads\/sites\/6\/2025\/07\/ESCUELA-REGRESO-2.jpeg\" width=\"600\" height=\"450\" alt=\"\" title=\"ESCUELA REGRESO 2\" aria-label=\"ESCUELA REGRESO 2\" class=\"img-responsive wp-image-110020\" srcset=\"https:\/\/sertv.gob.pa\/nacionalfm\/wp-content\/uploads\/sites\/6\/2025\/07\/ESCUELA-REGRESO-2-200x150.jpeg 200w, https:\/\/sertv.gob.pa\/nacionalfm\/wp-content\/uploads\/sites\/6\/2025\/07\/ESCUELA-REGRESO-2-400x300.jpeg 400w, https:\/\/sertv.gob.pa\/nacionalfm\/wp-content\/uploads\/sites\/6\/2025\/07\/ESCUELA-REGRESO-2.jpeg 600w\" sizes=\"(min-width: 2200px) 100vw, (min-width: 784px) 363px, (min-width: 712px) 545px, (min-width: 640px) 712px, \" \/><\/a><\/div><\/div><div style=\"padding:5px;\" class=\"fusion-grid-column fusion-gallery-column fusion-gallery-column-3 hover-type-none\"><div class=\"fusion-gallery-image\"><a href=\"https:\/\/sertv.gob.pa\/nacionalfm\/wp-content\/uploads\/sites\/6\/2025\/07\/ESCUELA-REGRESO-3.jpeg\" rel=\"noreferrer\" data-rel=\"iLightbox[gallery_image_1]\" class=\"fusion-lightbox\" target=\"_self\"><img decoding=\"async\" src=\"https:\/\/sertv.gob.pa\/nacionalfm\/wp-content\/uploads\/sites\/6\/2025\/07\/ESCUELA-REGRESO-3.jpeg\" width=\"450\" height=\"600\" alt=\"\" title=\"ESCUELA REGRESO 3\" aria-label=\"ESCUELA REGRESO 3\" class=\"img-responsive wp-image-110021\" srcset=\"https:\/\/sertv.gob.pa\/nacionalfm\/wp-content\/uploads\/sites\/6\/2025\/07\/ESCUELA-REGRESO-3-200x267.jpeg 200w, https:\/\/sertv.gob.pa\/nacionalfm\/wp-content\/uploads\/sites\/6\/2025\/07\/ESCUELA-REGRESO-3-400x533.jpeg 400w, https:\/\/sertv.gob.pa\/nacionalfm\/wp-content\/uploads\/sites\/6\/2025\/07\/ESCUELA-REGRESO-3.jpeg 450w\" sizes=\"(min-width: 2200px) 100vw, (min-width: 784px) 363px, (min-width: 712px) 545px, (min-width: 640px) 712px, \" \/><\/a><\/div><\/div><div style=\"padding:5px;\" class=\"fusion-grid-column fusion-gallery-column fusion-gallery-column-3 hover-type-none\"><div class=\"fusion-gallery-image\"><a href=\"https:\/\/sertv.gob.pa\/nacionalfm\/wp-content\/uploads\/sites\/6\/2025\/07\/ESCUELA-REGRESO-4.jpeg\" rel=\"noreferrer\" data-rel=\"iLightbox[gallery_image_1]\" class=\"fusion-lightbox\" target=\"_self\"><img decoding=\"async\" src=\"https:\/\/sertv.gob.pa\/nacionalfm\/wp-content\/uploads\/sites\/6\/2025\/07\/ESCUELA-REGRESO-4.jpeg\" width=\"600\" height=\"450\" alt=\"\" title=\"ESCUELA REGRESO 4\" aria-label=\"ESCUELA REGRESO 4\" class=\"img-responsive wp-image-110022\" srcset=\"https:\/\/sertv.gob.pa\/nacionalfm\/wp-content\/uploads\/sites\/6\/2025\/07\/ESCUELA-REGRESO-4-200x150.jpeg 200w, https:\/\/sertv.gob.pa\/nacionalfm\/wp-content\/uploads\/sites\/6\/2025\/07\/ESCUELA-REGRESO-4-400x300.jpeg 400w, https:\/\/sertv.gob.pa\/nacionalfm\/wp-content\/uploads\/sites\/6\/2025\/07\/ESCUELA-REGRESO-4.jpeg 600w\" sizes=\"(min-width: 2200px) 100vw, (min-width: 784px) 363px, (min-width: 712px) 545px, (min-width: 640px) 712px, \" \/><\/a><\/div><\/div><div class=\"clearfix\"><\/div><div style=\"padding:5px;\" class=\"fusion-grid-column fusion-gallery-column fusion-gallery-column-3 hover-type-none\"><div class=\"fusion-gallery-image\"><a href=\"https:\/\/sertv.gob.pa\/nacionalfm\/wp-content\/uploads\/sites\/6\/2025\/07\/ESCUELA-REGRESO-5.jpeg\" rel=\"noreferrer\" data-rel=\"iLightbox[gallery_image_1]\" class=\"fusion-lightbox\" target=\"_self\"><img decoding=\"async\" src=\"https:\/\/sertv.gob.pa\/nacionalfm\/wp-content\/uploads\/sites\/6\/2025\/07\/ESCUELA-REGRESO-5.jpeg\" width=\"600\" height=\"338\" alt=\"\" title=\"ESCUELA REGRESO 5\" aria-label=\"ESCUELA REGRESO 5\" class=\"img-responsive wp-image-110023\" srcset=\"https:\/\/sertv.gob.pa\/nacionalfm\/wp-content\/uploads\/sites\/6\/2025\/07\/ESCUELA-REGRESO-5-200x113.jpeg 200w, https:\/\/sertv.gob.pa\/nacionalfm\/wp-content\/uploads\/sites\/6\/2025\/07\/ESCUELA-REGRESO-5-400x225.jpeg 400w, https:\/\/sertv.gob.pa\/nacionalfm\/wp-content\/uploads\/sites\/6\/2025\/07\/ESCUELA-REGRESO-5.jpeg 600w\" sizes=\"(min-width: 2200px) 100vw, (min-width: 784px) 363px, (min-width: 712px) 545px, (min-width: 640px) 712px, \" \/><\/a><\/div><\/div><div style=\"padding:5px;\" class=\"fusion-grid-column fusion-gallery-column fusion-gallery-column-3 hover-type-none\"><div class=\"fusion-gallery-image\"><a href=\"https:\/\/sertv.gob.pa\/nacionalfm\/wp-content\/uploads\/sites\/6\/2025\/07\/ESCUELA-REGRESO-6.jpeg\" rel=\"noreferrer\" data-rel=\"iLightbox[gallery_image_1]\" class=\"fusion-lightbox\" target=\"_self\"><img decoding=\"async\" src=\"https:\/\/sertv.gob.pa\/nacionalfm\/wp-content\/uploads\/sites\/6\/2025\/07\/ESCUELA-REGRESO-6.jpeg\" width=\"600\" height=\"450\" alt=\"\" title=\"ESCUELA REGRESO 6\" aria-label=\"ESCUELA REGRESO 6\" class=\"img-responsive wp-image-110024\" srcset=\"https:\/\/sertv.gob.pa\/nacionalfm\/wp-content\/uploads\/sites\/6\/2025\/07\/ESCUELA-REGRESO-6-200x150.jpeg 200w, https:\/\/sertv.gob.pa\/nacionalfm\/wp-content\/uploads\/sites\/6\/2025\/07\/ESCUELA-REGRESO-6-400x300.jpeg 400w, https:\/\/sertv.gob.pa\/nacionalfm\/wp-content\/uploads\/sites\/6\/2025\/07\/ESCUELA-REGRESO-6.jpeg 600w\" sizes=\"(min-width: 2200px) 100vw, (min-width: 784px) 363px, (min-width: 712px) 545px, (min-width: 640px) 712px, \" \/><\/a><\/div><\/div><div style=\"padding:5px;\" class=\"fusion-grid-column fusion-gallery-column fusion-gallery-column-3 hover-type-none\"><div class=\"fusion-gallery-image\"><a href=\"https:\/\/sertv.gob.pa\/nacionalfm\/wp-content\/uploads\/sites\/6\/2025\/07\/ESCUELA-REGRESO-8.jpeg\" rel=\"noreferrer\" data-rel=\"iLightbox[gallery_image_1]\" class=\"fusion-lightbox\" target=\"_self\"><img decoding=\"async\" src=\"https:\/\/sertv.gob.pa\/nacionalfm\/wp-content\/uploads\/sites\/6\/2025\/07\/ESCUELA-REGRESO-8.jpeg\" width=\"600\" height=\"450\" alt=\"\" title=\"ESCUELA REGRESO 8\" aria-label=\"ESCUELA REGRESO 8\" class=\"img-responsive wp-image-110025\" srcset=\"https:\/\/sertv.gob.pa\/nacionalfm\/wp-content\/uploads\/sites\/6\/2025\/07\/ESCUELA-REGRESO-8-200x150.jpeg 200w, https:\/\/sertv.gob.pa\/nacionalfm\/wp-content\/uploads\/sites\/6\/2025\/07\/ESCUELA-REGRESO-8-400x300.jpeg 400w, https:\/\/sertv.gob.pa\/nacionalfm\/wp-content\/uploads\/sites\/6\/2025\/07\/ESCUELA-REGRESO-8.jpeg 600w\" sizes=\"(min-width: 2200px) 100vw, (min-width: 784px) 363px, (min-width: 712px) 545px, (min-width: 640px) 712px, \" \/><\/a><\/div><\/div><div class=\"clearfix\"><\/div><\/div><\/div><\/div><\/div><\/div><\/div>\n","protected":false},"excerpt":{"rendered":"","protected":false},"author":9,"featured_media":110019,"comment_status":"closed","ping_status":"closed","sticky":false,"template":"","format":"standard","meta":{"footnotes":""},"categories":[2],"tags":[],"class_list":["post-110018","post","type-post","status-publish","format-standard","has-post-thumbnail","hentry","category-nacionales"],"_links":{"self":[{"href":"https:\/\/sertv.gob.pa\/nacionalfm\/wp-json\/wp\/v2\/posts\/110018","targetHints":{"allow":["GET"]}}],"collection":[{"href":"https:\/\/sertv.gob.pa\/nacionalfm\/wp-json\/wp\/v2\/posts"}],"about":[{"href":"https:\/\/sertv.gob.pa\/nacionalfm\/wp-json\/wp\/v2\/types\/post"}],"author":[{"embeddable":true,"href":"https:\/\/sertv.gob.pa\/nacionalfm\/wp-json\/wp\/v2\/users\/9"}],"replies":[{"embeddable":true,"href":"https:\/\/sertv.gob.pa\/nacionalfm\/wp-json\/wp\/v2\/comments?post=110018"}],"version-history":[{"count":2,"href":"https:\/\/sertv.gob.pa\/nacionalfm\/wp-json\/wp\/v2\/posts\/110018\/revisions"}],"predecessor-version":[{"id":110027,"href":"https:\/\/sertv.gob.pa\/nacionalfm\/wp-json\/wp\/v2\/posts\/110018\/revisions\/110027"}],"wp:featuredmedia":[{"embeddable":true,"href":"https:\/\/sertv.gob.pa\/nacionalfm\/wp-json\/wp\/v2\/media\/110019"}],"wp:attachment":[{"href":"https:\/\/sertv.gob.pa\/nacionalfm\/wp-json\/wp\/v2\/media?parent=110018"}],"wp:term":[{"taxonomy":"category","embeddable":true,"href":"https:\/\/sertv.gob.pa\/nacionalfm\/wp-json\/wp\/v2\/categories?post=110018"},{"taxonomy":"post_tag","embeddable":true,"href":"https:\/\/sertv.gob.pa\/nacionalfm\/wp-json\/wp\/v2\/tags?post=110018"}],"curies":[{"name":"wp","href":"https:\/\/api.w.org\/{rel}","templated":true}]}}