{"id":11004,"date":"2016-03-01T19:10:41","date_gmt":"2016-03-01T19:10:41","guid":{"rendered":""},"modified":"2016-03-01T19:10:41","modified_gmt":"2016-03-01T19:10:41","slug":"panameno-bishob-contribuye-con-victoria-de-san-german","status":"publish","type":"post","link":"https:\/\/sertv.gob.pa\/nacionalfm\/panameno-bishob-contribuye-con-victoria-de-san-german\/","title":{"rendered":"Paname\u00f1o Bishob contribuye con victoria de San Germ\u00e1n"},"content":{"rendered":"<p>\nEl canastero paname\u00f1o Tony Bishop contribuy\u00f3 con la victoria de su quinteto de los Atl\u00e9ticos San Germ\u00e1n 80-68 ante los Capitanes de Arecibo, en la Liga Superior Nacional de Baloncesto de Puerto Rico. <\/p>\n<p>Tony Bishop vio acci\u00f3n en (33:23) treinta y tres minutos con veintitr\u00e9s segundos, fue el cuarto mejor a la ofensiva con doce puntos, producto de cuatro encestes de la media distancia en diez intentos, para un 40%; en siete intentos de la l\u00ednea de los tres puntos, logr\u00f3 colar uno, para un 14%; estuvo perfecto de la l\u00ednea de los tiros libres en un solo intento, para un 100%; fue el l\u00edder debajo de los tableros con trece rebotes, diez de ellos fueron defensivos, dio tres asistencias, cometi\u00f3 tres faltas personales, perdi\u00f3 cuatro veces el bal\u00f3n y rob\u00f3 cinco veces la pelota. <\/p>\n<p>Bishop en 2 partidos jugados, ha anotado 38 puntos, para un promedio en anotaciones diarias de 19.0; en 13 intentos de la l\u00ednea de la l\u00ednea de los tres puntos, ha logrado colar 3 de ellos, para un 23%; ha logrado encestar 10 de la media distancia en 20 intentos, para un 50%; col\u00f3 9 de la l\u00ednea de los tiros libres en 12 intentos, para un 75%; cuenta con un total de 23 rebotes y 7 asistencias. <\/p>\n<p>Los Atl\u00e9ticos de San Germ\u00e1n en dos salidas en el reci\u00e9n inaugurado Baloncesto Superior Nacional de Puerto Rico, cuentan con una victoria y una derrota. <\/p>\n","protected":false},"excerpt":{"rendered":"<p>El canastero paname\u00f1o Tony Bishop contribuy\u00f3 con la victoria de <a href=\"https:\/\/sertv.gob.pa\/nacionalfm\/panameno-bishob-contribuye-con-victoria-de-san-german\/\"> [&#8230;]<\/a><\/p>\n","protected":false},"author":1,"featured_media":11005,"comment_status":"closed","ping_status":"closed","sticky":false,"template":"","format":"standard","meta":{"footnotes":""},"categories":[4],"tags":[],"class_list":["post-11004","post","type-post","status-publish","format-standard","has-post-thumbnail","hentry","category-deportes"],"_links":{"self":[{"href":"https:\/\/sertv.gob.pa\/nacionalfm\/wp-json\/wp\/v2\/posts\/11004","targetHints":{"allow":["GET"]}}],"collection":[{"href":"https:\/\/sertv.gob.pa\/nacionalfm\/wp-json\/wp\/v2\/posts"}],"about":[{"href":"https:\/\/sertv.gob.pa\/nacionalfm\/wp-json\/wp\/v2\/types\/post"}],"author":[{"embeddable":true,"href":"https:\/\/sertv.gob.pa\/nacionalfm\/wp-json\/wp\/v2\/users\/1"}],"replies":[{"embeddable":true,"href":"https:\/\/sertv.gob.pa\/nacionalfm\/wp-json\/wp\/v2\/comments?post=11004"}],"version-history":[{"count":0,"href":"https:\/\/sertv.gob.pa\/nacionalfm\/wp-json\/wp\/v2\/posts\/11004\/revisions"}],"wp:featuredmedia":[{"embeddable":true,"href":"https:\/\/sertv.gob.pa\/nacionalfm\/wp-json\/wp\/v2\/media\/11005"}],"wp:attachment":[{"href":"https:\/\/sertv.gob.pa\/nacionalfm\/wp-json\/wp\/v2\/media?parent=11004"}],"wp:term":[{"taxonomy":"category","embeddable":true,"href":"https:\/\/sertv.gob.pa\/nacionalfm\/wp-json\/wp\/v2\/categories?post=11004"},{"taxonomy":"post_tag","embeddable":true,"href":"https:\/\/sertv.gob.pa\/nacionalfm\/wp-json\/wp\/v2\/tags?post=11004"}],"curies":[{"name":"wp","href":"https:\/\/api.w.org\/{rel}","templated":true}]}}